{"id":4581,"date":"2023-03-11T02:14:47","date_gmt":"2023-03-11T02:14:47","guid":{"rendered":"https:\/\/kick442.com\/?p=4581"},"modified":"2023-03-11T03:10:44","modified_gmt":"2023-03-11T03:10:44","slug":"a-very-special-day-boyomo-goes-lyrical-after-inclusion-in-cameroons-final-squad","status":"publish","type":"post","link":"https:\/\/kick442.com\/fr\/a-very-special-day-boyomo-goes-lyrical-after-inclusion-in-cameroons-final-squad\/","title":{"rendered":"&#8220;A very special day&#8221; &#8211; Boyomo goes lyrical after inclusion in Cameroon&#8217;s final squad"},"content":{"rendered":"<p>Flavien Enzo Boyomo says Friday, 10 March 2023 is a unique day in his life and career as the Cameroon Football Federation released coach Rigobert Song&#8217;s Cameroon squad to challenge Namibia with his name included.<\/p>\n<p>The Albacete Balompie defended was drafted into the Indomitable Lions set-up for the first time on Friday, and will be part of Cameroon&#8217;s squad for the Match Day three and four Africa Cup of Nations qualifier games against The Brave Warriors.<\/p>\n<p>&#8220;It&#8217;s a special day for me. I have the chance to represent a country very special to me and my family. Happy to represent Cameroon,&#8221; Boyomo wrote on Instagram.<br \/>\nBoyomo, 21, has worked his way up the football ladder, turning out in non-league with Toulouse and Black Burn 18s before moving to Albacete Balompie.<\/p>\n<p>The man who made over 50 appearances with Black Burn youth teams but failed to break into the senior team has become a major player at his Spanish Club, featured in 28 of their 30 games this season in the second tier championship.<\/p>\n<p>Song who played as a defender during his days as a footballer definitely recognizes a good defender when he sees one and has placed his trust in French-borm Boyomo.<\/p>\n<p>Eight defenders have been retained, including another newcomer Malcom Bokele Mputu of Girondin de Bordeaux.<\/p>\n<p>Cameroon confronts Namibia on March 24 in Yaounde before flying to South Africa for the Match Day four commitment at the Dobsonville stadium in Pretoria.<\/p>\n<p>The Indomitable Lions currently top the group that has Burundi and Kenya as other contenders though the latter is just returning from a FIFA ban.<\/p>\n<hr \/>\n<p><strong>Copyright\u00a92023 kick442.com<\/strong><\/p>\n<p><strong>All rights reserved. This material and any other digital content on this platform may not be reproduced, published, broadcast, written, or distributed in full or in part, without written permission from our management.<\/strong><\/p>\n<p><strong>This site is not responsible for the content displayed by external sites<\/strong><\/p>","protected":false},"excerpt":{"rendered":"<p>Flavien Enzo Boyomo says Friday, 10 March 2023 is a unique day in his&hellip;<\/p>","protected":false},"author":2,"featured_media":4582,"comment_status":"open","ping_status":"open","sticky":false,"template":"","format":"standard","meta":{"_monsterinsights_skip_tracking":false,"_monsterinsights_sitenote_active":false,"_monsterinsights_sitenote_note":"","_monsterinsights_sitenote_category":0,"footnotes":""},"categories":[140,139,37,5,38],"tags":[],"class_list":["post-4581","post","type-post","status-publish","format-standard","has-post-thumbnail","hentry","category-afcon","category-featured","category-fecafoot","category-football","category-lions"],"yoast_head":"<!-- This site is optimized with the Yoast SEO plugin v26.1.1 - https:\/\/yoast.com\/wordpress\/plugins\/seo\/ -->\n<title>&quot;A very special day&quot; - Boyomo goes lyrical after inclusion in Cameroon&#039;s final squad - KICK442 Sport News<\/title>\n<meta name=\"robots\" content=\"index, follow, max-snippet:-1, max-image-preview:large, max-video-preview:-1\" \/>\n<link rel=\"canonical\" href=\"https:\/\/kick442.com\/fr\/a-very-special-day-boyomo-goes-lyrical-after-inclusion-in-cameroons-final-squad\/\" \/>\n<meta property=\"og:locale\" content=\"fr_FR\" \/>\n<meta property=\"og:type\" content=\"article\" \/>\n<meta property=\"og:title\" content=\"&quot;A very special day&quot; - Boyomo goes lyrical after inclusion in Cameroon&#039;s final squad - KICK442 Sport News\" \/>\n<meta property=\"og:description\" content=\"Flavien Enzo Boyomo says Friday, 10 March 2023 is a unique day in his&hellip;\" \/>\n<meta property=\"og:url\" content=\"https:\/\/kick442.com\/fr\/a-very-special-day-boyomo-goes-lyrical-after-inclusion-in-cameroons-final-squad\/\" \/>\n<meta property=\"og:site_name\" content=\"KICK442 Sport News\" \/>\n<meta property=\"article:author\" content=\"Angu Lesley Akonwi\" \/>\n<meta property=\"article:published_time\" content=\"2023-03-11T02:14:47+00:00\" \/>\n<meta property=\"article:modified_time\" content=\"2023-03-11T03:10:44+00:00\" \/>\n<meta property=\"og:image\" content=\"https:\/\/kick442.com\/wp-content\/uploads\/2023\/03\/20230311_031206.jpg\" \/>\n\t<meta property=\"og:image:width\" content=\"1284\" \/>\n\t<meta property=\"og:image:height\" content=\"1461\" \/>\n\t<meta property=\"og:image:type\" content=\"image\/jpeg\" \/>\n<meta name=\"author\" content=\"Lesley Ngwa\" \/>\n<meta name=\"twitter:card\" content=\"summary_large_image\" \/>\n<meta name=\"twitter:creator\" content=\"@angulesley442\" \/>\n<meta name=\"twitter:label1\" content=\"\u00c9crit par\" \/>\n\t<meta name=\"twitter:data1\" content=\"Lesley Ngwa\" \/>\n\t<meta name=\"twitter:label2\" content=\"Dur\u00e9e de lecture estim\u00e9e\" \/>\n\t<meta name=\"twitter:data2\" content=\"2 minutes\" \/>\n<script type=\"application\/ld+json\" class=\"yoast-schema-graph\">{\"@context\":\"https:\/\/schema.org\",\"@graph\":[{\"@type\":\"WebPage\",\"@id\":\"https:\/\/kick442.com\/a-very-special-day-boyomo-goes-lyrical-after-inclusion-in-cameroons-final-squad\/\",\"url\":\"https:\/\/kick442.com\/a-very-special-day-boyomo-goes-lyrical-after-inclusion-in-cameroons-final-squad\/\",\"name\":\"\\\"A very special day\\\" - Boyomo goes lyrical after inclusion in Cameroon's final squad - KICK442 Sport News\",\"isPartOf\":{\"@id\":\"https:\/\/kick442.com\/#website\"},\"primaryImageOfPage\":{\"@id\":\"https:\/\/kick442.com\/a-very-special-day-boyomo-goes-lyrical-after-inclusion-in-cameroons-final-squad\/#primaryimage\"},\"image\":{\"@id\":\"https:\/\/kick442.com\/a-very-special-day-boyomo-goes-lyrical-after-inclusion-in-cameroons-final-squad\/#primaryimage\"},\"thumbnailUrl\":\"https:\/\/kick442.com\/wp-content\/uploads\/2023\/03\/20230311_031206.jpg\",\"datePublished\":\"2023-03-11T02:14:47+00:00\",\"dateModified\":\"2023-03-11T03:10:44+00:00\",\"author\":{\"@id\":\"https:\/\/kick442.com\/#\/schema\/person\/b5d0b55ff7537d66370a9d14463ba26a\"},\"breadcrumb\":{\"@id\":\"https:\/\/kick442.com\/a-very-special-day-boyomo-goes-lyrical-after-inclusion-in-cameroons-final-squad\/#breadcrumb\"},\"inLanguage\":\"fr-FR\",\"potentialAction\":[{\"@type\":\"ReadAction\",\"target\":[\"https:\/\/kick442.com\/a-very-special-day-boyomo-goes-lyrical-after-inclusion-in-cameroons-final-squad\/\"]}]},{\"@type\":\"ImageObject\",\"inLanguage\":\"fr-FR\",\"@id\":\"https:\/\/kick442.com\/a-very-special-day-boyomo-goes-lyrical-after-inclusion-in-cameroons-final-squad\/#primaryimage\",\"url\":\"https:\/\/kick442.com\/wp-content\/uploads\/2023\/03\/20230311_031206.jpg\",\"contentUrl\":\"https:\/\/kick442.com\/wp-content\/uploads\/2023\/03\/20230311_031206.jpg\",\"width\":1284,\"height\":1461,\"caption\":\"Flavien Enzo Boyomo\"},{\"@type\":\"BreadcrumbList\",\"@id\":\"https:\/\/kick442.com\/a-very-special-day-boyomo-goes-lyrical-after-inclusion-in-cameroons-final-squad\/#breadcrumb\",\"itemListElement\":[{\"@type\":\"ListItem\",\"position\":1,\"name\":\"Home\",\"item\":\"https:\/\/kick442.com\/\"},{\"@type\":\"ListItem\",\"position\":2,\"name\":\"&#8220;A very special day&#8221; &#8211; Boyomo goes lyrical after inclusion in Cameroon&#8217;s final squad\"}]},{\"@type\":\"WebSite\",\"@id\":\"https:\/\/kick442.com\/#website\",\"url\":\"https:\/\/kick442.com\/\",\"name\":\"KICK442 Sport News\",\"description\":\"Best Sport News\",\"potentialAction\":[{\"@type\":\"SearchAction\",\"target\":{\"@type\":\"EntryPoint\",\"urlTemplate\":\"https:\/\/kick442.com\/?s={search_term_string}\"},\"query-input\":{\"@type\":\"PropertyValueSpecification\",\"valueRequired\":true,\"valueName\":\"search_term_string\"}}],\"inLanguage\":\"fr-FR\"},{\"@type\":\"Person\",\"@id\":\"https:\/\/kick442.com\/#\/schema\/person\/b5d0b55ff7537d66370a9d14463ba26a\",\"name\":\"Lesley Ngwa\",\"image\":{\"@type\":\"ImageObject\",\"inLanguage\":\"fr-FR\",\"@id\":\"https:\/\/kick442.com\/#\/schema\/person\/image\/\",\"url\":\"https:\/\/secure.gravatar.com\/avatar\/46900d211239d03aac45f8e4e8105f9572bc760c372ca55ab90036c3a1a3323f?s=96&d=mm&r=g\",\"contentUrl\":\"https:\/\/secure.gravatar.com\/avatar\/46900d211239d03aac45f8e4e8105f9572bc760c372ca55ab90036c3a1a3323f?s=96&d=mm&r=g\",\"caption\":\"Lesley Ngwa\"},\"description\":\"Sports Writer; CAF Media Officer &amp; Content Creator ,FIFA World Cup 2022 PMA,CEO http:\/\/kick4442.com I AFCON x3, WC X2 l akonlesna@yahoo.com \/675583463 for work\",\"sameAs\":[\"https:\/\/www.kick442.com\/\",\"Angu Lesley Akonwi\",\"https:\/\/x.com\/angulesley442\"],\"url\":\"https:\/\/kick442.com\/fr\/author\/alesley44\/\"}]}<\/script>\n<!-- \/ Yoast SEO plugin. -->","yoast_head_json":{"title":"\"A very special day\" - Boyomo goes lyrical after inclusion in Cameroon's final squad - KICK442 Sport News","robots":{"index":"index","follow":"follow","max-snippet":"max-snippet:-1","max-image-preview":"max-image-preview:large","max-video-preview":"max-video-preview:-1"},"canonical":"https:\/\/kick442.com\/fr\/a-very-special-day-boyomo-goes-lyrical-after-inclusion-in-cameroons-final-squad\/","og_locale":"fr_FR","og_type":"article","og_title":"\"A very special day\" - Boyomo goes lyrical after inclusion in Cameroon's final squad - KICK442 Sport News","og_description":"Flavien Enzo Boyomo says Friday, 10 March 2023 is a unique day in his&hellip;","og_url":"https:\/\/kick442.com\/fr\/a-very-special-day-boyomo-goes-lyrical-after-inclusion-in-cameroons-final-squad\/","og_site_name":"KICK442 Sport News","article_author":"Angu Lesley Akonwi","article_published_time":"2023-03-11T02:14:47+00:00","article_modified_time":"2023-03-11T03:10:44+00:00","og_image":[{"width":1284,"height":1461,"url":"https:\/\/kick442.com\/wp-content\/uploads\/2023\/03\/20230311_031206.jpg","type":"image\/jpeg"}],"author":"Lesley Ngwa","twitter_card":"summary_large_image","twitter_creator":"@angulesley442","twitter_misc":{"\u00c9crit par":"Lesley Ngwa","Dur\u00e9e de lecture estim\u00e9e":"2 minutes"},"schema":{"@context":"https:\/\/schema.org","@graph":[{"@type":"WebPage","@id":"https:\/\/kick442.com\/a-very-special-day-boyomo-goes-lyrical-after-inclusion-in-cameroons-final-squad\/","url":"https:\/\/kick442.com\/a-very-special-day-boyomo-goes-lyrical-after-inclusion-in-cameroons-final-squad\/","name":"\"A very special day\" - Boyomo goes lyrical after inclusion in Cameroon's final squad - KICK442 Sport News","isPartOf":{"@id":"https:\/\/kick442.com\/#website"},"primaryImageOfPage":{"@id":"https:\/\/kick442.com\/a-very-special-day-boyomo-goes-lyrical-after-inclusion-in-cameroons-final-squad\/#primaryimage"},"image":{"@id":"https:\/\/kick442.com\/a-very-special-day-boyomo-goes-lyrical-after-inclusion-in-cameroons-final-squad\/#primaryimage"},"thumbnailUrl":"https:\/\/kick442.com\/wp-content\/uploads\/2023\/03\/20230311_031206.jpg","datePublished":"2023-03-11T02:14:47+00:00","dateModified":"2023-03-11T03:10:44+00:00","author":{"@id":"https:\/\/kick442.com\/#\/schema\/person\/b5d0b55ff7537d66370a9d14463ba26a"},"breadcrumb":{"@id":"https:\/\/kick442.com\/a-very-special-day-boyomo-goes-lyrical-after-inclusion-in-cameroons-final-squad\/#breadcrumb"},"inLanguage":"fr-FR","potentialAction":[{"@type":"ReadAction","target":["https:\/\/kick442.com\/a-very-special-day-boyomo-goes-lyrical-after-inclusion-in-cameroons-final-squad\/"]}]},{"@type":"ImageObject","inLanguage":"fr-FR","@id":"https:\/\/kick442.com\/a-very-special-day-boyomo-goes-lyrical-after-inclusion-in-cameroons-final-squad\/#primaryimage","url":"https:\/\/kick442.com\/wp-content\/uploads\/2023\/03\/20230311_031206.jpg","contentUrl":"https:\/\/kick442.com\/wp-content\/uploads\/2023\/03\/20230311_031206.jpg","width":1284,"height":1461,"caption":"Flavien Enzo Boyomo"},{"@type":"BreadcrumbList","@id":"https:\/\/kick442.com\/a-very-special-day-boyomo-goes-lyrical-after-inclusion-in-cameroons-final-squad\/#breadcrumb","itemListElement":[{"@type":"ListItem","position":1,"name":"Home","item":"https:\/\/kick442.com\/"},{"@type":"ListItem","position":2,"name":"&#8220;A very special day&#8221; &#8211; Boyomo goes lyrical after inclusion in Cameroon&#8217;s final squad"}]},{"@type":"WebSite","@id":"https:\/\/kick442.com\/#website","url":"https:\/\/kick442.com\/","name":"KICK442 Sport News","description":"Best Sport News","potentialAction":[{"@type":"SearchAction","target":{"@type":"EntryPoint","urlTemplate":"https:\/\/kick442.com\/?s={search_term_string}"},"query-input":{"@type":"PropertyValueSpecification","valueRequired":true,"valueName":"search_term_string"}}],"inLanguage":"fr-FR"},{"@type":"Person","@id":"https:\/\/kick442.com\/#\/schema\/person\/b5d0b55ff7537d66370a9d14463ba26a","name":"Lesley Ngwa","image":{"@type":"ImageObject","inLanguage":"fr-FR","@id":"https:\/\/kick442.com\/#\/schema\/person\/image\/","url":"https:\/\/secure.gravatar.com\/avatar\/46900d211239d03aac45f8e4e8105f9572bc760c372ca55ab90036c3a1a3323f?s=96&d=mm&r=g","contentUrl":"https:\/\/secure.gravatar.com\/avatar\/46900d211239d03aac45f8e4e8105f9572bc760c372ca55ab90036c3a1a3323f?s=96&d=mm&r=g","caption":"Lesley Ngwa"},"description":"Sports Writer; CAF Media Officer &amp; Content Creator ,FIFA World Cup 2022 PMA,CEO http:\/\/kick4442.com I AFCON x3, WC X2 l akonlesna@yahoo.com \/675583463 for work","sameAs":["https:\/\/www.kick442.com\/","Angu Lesley Akonwi","https:\/\/x.com\/angulesley442"],"url":"https:\/\/kick442.com\/fr\/author\/alesley44\/"}]}},"_links":{"self":[{"href":"https:\/\/kick442.com\/fr\/wp-json\/wp\/v2\/posts\/4581","targetHints":{"allow":["GET"]}}],"collection":[{"href":"https:\/\/kick442.com\/fr\/wp-json\/wp\/v2\/posts"}],"about":[{"href":"https:\/\/kick442.com\/fr\/wp-json\/wp\/v2\/types\/post"}],"author":[{"embeddable":true,"href":"https:\/\/kick442.com\/fr\/wp-json\/wp\/v2\/users\/2"}],"replies":[{"embeddable":true,"href":"https:\/\/kick442.com\/fr\/wp-json\/wp\/v2\/comments?post=4581"}],"version-history":[{"count":2,"href":"https:\/\/kick442.com\/fr\/wp-json\/wp\/v2\/posts\/4581\/revisions"}],"predecessor-version":[{"id":4590,"href":"https:\/\/kick442.com\/fr\/wp-json\/wp\/v2\/posts\/4581\/revisions\/4590"}],"wp:featuredmedia":[{"embeddable":true,"href":"https:\/\/kick442.com\/fr\/wp-json\/wp\/v2\/media\/4582"}],"wp:attachment":[{"href":"https:\/\/kick442.com\/fr\/wp-json\/wp\/v2\/media?parent=4581"}],"wp:term":[{"taxonomy":"category","embeddable":true,"href":"https:\/\/kick442.com\/fr\/wp-json\/wp\/v2\/categories?post=4581"},{"taxonomy":"post_tag","embeddable":true,"href":"https:\/\/kick442.com\/fr\/wp-json\/wp\/v2\/tags?post=4581"}],"curies":[{"name":"wp","href":"https:\/\/api.w.org\/{rel}","templated":true}]}}