{"id":3691,"date":"2023-02-20T07:22:15","date_gmt":"2023-02-20T07:22:15","guid":{"rendered":"https:\/\/kick442.com\/?p=3691"},"modified":"2023-02-20T07:22:15","modified_gmt":"2023-02-20T07:22:15","slug":"cameroons-ebosse-injured-in-clash-at-san-siro","status":"publish","type":"post","link":"https:\/\/kick442.com\/fr\/cameroons-ebosse-injured-in-clash-at-san-siro\/","title":{"rendered":"Cameroon&#8217;s Ebosse injured in clash at San Siro"},"content":{"rendered":"<p>Udinese centre-back Enzo Junior Ebosse could be facing a spell on the sidelines after appearing to pick up a hamstring problem during last Saturday&#8217;s Italian Serie A contest with Andre Onana&#8217;s Inter Milan at San Siro.<\/p>\n<p>The Cameroon international had to be replaced in the early stages of the first half of the match day 23 game against the Narazurri, having pulled up with a knee injury that he first felt in the 13th minute.<\/p>\n<p>The former Amiens and Lens full-back will undergo a scan to determine the extent of the damage, but he will almost certainly be unavailable for the team&#8217;s next matches as well as Cameroon&#8217;s double-header AFCON 2023 qualifiers against Namibia next month.<\/p>\n<p>Ebosse a key defender for Udinese this season introduced himself in international football in style late last year when he marshalled Cameroon&#8217;s defence in the 1-0 win over Brazil in the 2022 FIFA World Cup in Qatar.<\/p>\n<p>The 23-year-old has been a vital player for the Udinese during the 2022-23 campaign, making 18 appearances in all competitions, contributing one goal and two assists in the process.<\/p>\n<p>His absence at the back last weekend saw his side suffer a 1-3 defeat to Inter Milan whose coach Inzaghi opted to leave Onana on the bench.<\/p>\n<p>Udinese is expected to provide recovery and return details about their Cameroonian defender in the days ahead.<\/p>\n<p>In the meantime, his club and country have to cope without 2021 AFCON bronze medalist.<\/p>\n<hr \/>\n<p><strong>Copyright\u00a92023 kick442.com<\/strong><\/p>\n<p><strong>All rights reserved. This material and any other digital content on this platform may not be reproduced, published, broadcast, written, or distributed in full or in part, without written permission from our management.<\/strong><\/p>\n<p><strong>This site is not responsible for the content displayed by external sites<\/strong><\/p>","protected":false},"excerpt":{"rendered":"<p>Udinese centre-back Enzo Junior Ebosse could be facing a spell on the sidelines after&hellip;<\/p>","protected":false},"author":2,"featured_media":3692,"comment_status":"open","ping_status":"open","sticky":false,"template":"","format":"standard","meta":{"_monsterinsights_skip_tracking":false,"_monsterinsights_sitenote_active":false,"_monsterinsights_sitenote_note":"","_monsterinsights_sitenote_category":0,"footnotes":""},"categories":[140,5,38],"tags":[],"class_list":["post-3691","post","type-post","status-publish","format-standard","has-post-thumbnail","hentry","category-afcon","category-football","category-lions"],"yoast_head":"<!-- This site is optimized with the Yoast SEO plugin v26.1.1 - https:\/\/yoast.com\/wordpress\/plugins\/seo\/ -->\n<title>Cameroon&#039;s Ebosse injured in clash at San Siro - KICK442 Sport News<\/title>\n<meta name=\"robots\" content=\"index, follow, max-snippet:-1, max-image-preview:large, max-video-preview:-1\" \/>\n<link rel=\"canonical\" href=\"https:\/\/kick442.com\/fr\/cameroons-ebosse-injured-in-clash-at-san-siro\/\" \/>\n<meta property=\"og:locale\" content=\"fr_FR\" \/>\n<meta property=\"og:type\" content=\"article\" \/>\n<meta property=\"og:title\" content=\"Cameroon&#039;s Ebosse injured in clash at San Siro - KICK442 Sport News\" \/>\n<meta property=\"og:description\" content=\"Udinese centre-back Enzo Junior Ebosse could be facing a spell on the sidelines after&hellip;\" \/>\n<meta property=\"og:url\" content=\"https:\/\/kick442.com\/fr\/cameroons-ebosse-injured-in-clash-at-san-siro\/\" \/>\n<meta property=\"og:site_name\" content=\"KICK442 Sport News\" \/>\n<meta property=\"article:author\" content=\"Angu Lesley Akonwi\" \/>\n<meta property=\"article:published_time\" content=\"2023-02-20T07:22:15+00:00\" \/>\n<meta property=\"og:image\" content=\"https:\/\/kick442.com\/wp-content\/uploads\/2023\/02\/20230220_082113.jpg\" \/>\n\t<meta property=\"og:image:width\" content=\"2048\" \/>\n\t<meta property=\"og:image:height\" content=\"1366\" \/>\n\t<meta property=\"og:image:type\" content=\"image\/jpeg\" \/>\n<meta name=\"author\" content=\"Lesley Ngwa\" \/>\n<meta name=\"twitter:card\" content=\"summary_large_image\" \/>\n<meta name=\"twitter:creator\" content=\"@angulesley442\" \/>\n<meta name=\"twitter:label1\" content=\"\u00c9crit par\" \/>\n\t<meta name=\"twitter:data1\" content=\"Lesley Ngwa\" \/>\n\t<meta name=\"twitter:label2\" content=\"Dur\u00e9e de lecture estim\u00e9e\" \/>\n\t<meta name=\"twitter:data2\" content=\"2 minutes\" \/>\n<script type=\"application\/ld+json\" class=\"yoast-schema-graph\">{\"@context\":\"https:\/\/schema.org\",\"@graph\":[{\"@type\":\"WebPage\",\"@id\":\"https:\/\/kick442.com\/cameroons-ebosse-injured-in-clash-at-san-siro\/\",\"url\":\"https:\/\/kick442.com\/cameroons-ebosse-injured-in-clash-at-san-siro\/\",\"name\":\"Cameroon's Ebosse injured in clash at San Siro - KICK442 Sport News\",\"isPartOf\":{\"@id\":\"https:\/\/kick442.com\/#website\"},\"primaryImageOfPage\":{\"@id\":\"https:\/\/kick442.com\/cameroons-ebosse-injured-in-clash-at-san-siro\/#primaryimage\"},\"image\":{\"@id\":\"https:\/\/kick442.com\/cameroons-ebosse-injured-in-clash-at-san-siro\/#primaryimage\"},\"thumbnailUrl\":\"https:\/\/kick442.com\/wp-content\/uploads\/2023\/02\/20230220_082113.jpg\",\"datePublished\":\"2023-02-20T07:22:15+00:00\",\"author\":{\"@id\":\"https:\/\/kick442.com\/#\/schema\/person\/b5d0b55ff7537d66370a9d14463ba26a\"},\"breadcrumb\":{\"@id\":\"https:\/\/kick442.com\/cameroons-ebosse-injured-in-clash-at-san-siro\/#breadcrumb\"},\"inLanguage\":\"fr-FR\",\"potentialAction\":[{\"@type\":\"ReadAction\",\"target\":[\"https:\/\/kick442.com\/cameroons-ebosse-injured-in-clash-at-san-siro\/\"]}]},{\"@type\":\"ImageObject\",\"inLanguage\":\"fr-FR\",\"@id\":\"https:\/\/kick442.com\/cameroons-ebosse-injured-in-clash-at-san-siro\/#primaryimage\",\"url\":\"https:\/\/kick442.com\/wp-content\/uploads\/2023\/02\/20230220_082113.jpg\",\"contentUrl\":\"https:\/\/kick442.com\/wp-content\/uploads\/2023\/02\/20230220_082113.jpg\",\"width\":2048,\"height\":1366},{\"@type\":\"BreadcrumbList\",\"@id\":\"https:\/\/kick442.com\/cameroons-ebosse-injured-in-clash-at-san-siro\/#breadcrumb\",\"itemListElement\":[{\"@type\":\"ListItem\",\"position\":1,\"name\":\"Home\",\"item\":\"https:\/\/kick442.com\/\"},{\"@type\":\"ListItem\",\"position\":2,\"name\":\"Cameroon&#8217;s Ebosse injured in clash at San Siro\"}]},{\"@type\":\"WebSite\",\"@id\":\"https:\/\/kick442.com\/#website\",\"url\":\"https:\/\/kick442.com\/\",\"name\":\"KICK442 Sport News\",\"description\":\"Best Sport News\",\"potentialAction\":[{\"@type\":\"SearchAction\",\"target\":{\"@type\":\"EntryPoint\",\"urlTemplate\":\"https:\/\/kick442.com\/?s={search_term_string}\"},\"query-input\":{\"@type\":\"PropertyValueSpecification\",\"valueRequired\":true,\"valueName\":\"search_term_string\"}}],\"inLanguage\":\"fr-FR\"},{\"@type\":\"Person\",\"@id\":\"https:\/\/kick442.com\/#\/schema\/person\/b5d0b55ff7537d66370a9d14463ba26a\",\"name\":\"Lesley Ngwa\",\"image\":{\"@type\":\"ImageObject\",\"inLanguage\":\"fr-FR\",\"@id\":\"https:\/\/kick442.com\/#\/schema\/person\/image\/\",\"url\":\"https:\/\/secure.gravatar.com\/avatar\/46900d211239d03aac45f8e4e8105f9572bc760c372ca55ab90036c3a1a3323f?s=96&d=mm&r=g\",\"contentUrl\":\"https:\/\/secure.gravatar.com\/avatar\/46900d211239d03aac45f8e4e8105f9572bc760c372ca55ab90036c3a1a3323f?s=96&d=mm&r=g\",\"caption\":\"Lesley Ngwa\"},\"description\":\"Sports Writer; CAF Media Officer &amp; Content Creator ,FIFA World Cup 2022 PMA,CEO http:\/\/kick4442.com I AFCON x3, WC X2 l akonlesna@yahoo.com \/675583463 for work\",\"sameAs\":[\"https:\/\/www.kick442.com\/\",\"Angu Lesley Akonwi\",\"https:\/\/x.com\/angulesley442\"],\"url\":\"https:\/\/kick442.com\/fr\/author\/alesley44\/\"}]}<\/script>\n<!-- \/ Yoast SEO plugin. -->","yoast_head_json":{"title":"Cameroon's Ebosse injured in clash at San Siro - KICK442 Sport News","robots":{"index":"index","follow":"follow","max-snippet":"max-snippet:-1","max-image-preview":"max-image-preview:large","max-video-preview":"max-video-preview:-1"},"canonical":"https:\/\/kick442.com\/fr\/cameroons-ebosse-injured-in-clash-at-san-siro\/","og_locale":"fr_FR","og_type":"article","og_title":"Cameroon's Ebosse injured in clash at San Siro - KICK442 Sport News","og_description":"Udinese centre-back Enzo Junior Ebosse could be facing a spell on the sidelines after&hellip;","og_url":"https:\/\/kick442.com\/fr\/cameroons-ebosse-injured-in-clash-at-san-siro\/","og_site_name":"KICK442 Sport News","article_author":"Angu Lesley Akonwi","article_published_time":"2023-02-20T07:22:15+00:00","og_image":[{"width":2048,"height":1366,"url":"https:\/\/kick442.com\/wp-content\/uploads\/2023\/02\/20230220_082113.jpg","type":"image\/jpeg"}],"author":"Lesley Ngwa","twitter_card":"summary_large_image","twitter_creator":"@angulesley442","twitter_misc":{"\u00c9crit par":"Lesley Ngwa","Dur\u00e9e de lecture estim\u00e9e":"2 minutes"},"schema":{"@context":"https:\/\/schema.org","@graph":[{"@type":"WebPage","@id":"https:\/\/kick442.com\/cameroons-ebosse-injured-in-clash-at-san-siro\/","url":"https:\/\/kick442.com\/cameroons-ebosse-injured-in-clash-at-san-siro\/","name":"Cameroon's Ebosse injured in clash at San Siro - KICK442 Sport News","isPartOf":{"@id":"https:\/\/kick442.com\/#website"},"primaryImageOfPage":{"@id":"https:\/\/kick442.com\/cameroons-ebosse-injured-in-clash-at-san-siro\/#primaryimage"},"image":{"@id":"https:\/\/kick442.com\/cameroons-ebosse-injured-in-clash-at-san-siro\/#primaryimage"},"thumbnailUrl":"https:\/\/kick442.com\/wp-content\/uploads\/2023\/02\/20230220_082113.jpg","datePublished":"2023-02-20T07:22:15+00:00","author":{"@id":"https:\/\/kick442.com\/#\/schema\/person\/b5d0b55ff7537d66370a9d14463ba26a"},"breadcrumb":{"@id":"https:\/\/kick442.com\/cameroons-ebosse-injured-in-clash-at-san-siro\/#breadcrumb"},"inLanguage":"fr-FR","potentialAction":[{"@type":"ReadAction","target":["https:\/\/kick442.com\/cameroons-ebosse-injured-in-clash-at-san-siro\/"]}]},{"@type":"ImageObject","inLanguage":"fr-FR","@id":"https:\/\/kick442.com\/cameroons-ebosse-injured-in-clash-at-san-siro\/#primaryimage","url":"https:\/\/kick442.com\/wp-content\/uploads\/2023\/02\/20230220_082113.jpg","contentUrl":"https:\/\/kick442.com\/wp-content\/uploads\/2023\/02\/20230220_082113.jpg","width":2048,"height":1366},{"@type":"BreadcrumbList","@id":"https:\/\/kick442.com\/cameroons-ebosse-injured-in-clash-at-san-siro\/#breadcrumb","itemListElement":[{"@type":"ListItem","position":1,"name":"Home","item":"https:\/\/kick442.com\/"},{"@type":"ListItem","position":2,"name":"Cameroon&#8217;s Ebosse injured in clash at San Siro"}]},{"@type":"WebSite","@id":"https:\/\/kick442.com\/#website","url":"https:\/\/kick442.com\/","name":"KICK442 Sport News","description":"Best Sport News","potentialAction":[{"@type":"SearchAction","target":{"@type":"EntryPoint","urlTemplate":"https:\/\/kick442.com\/?s={search_term_string}"},"query-input":{"@type":"PropertyValueSpecification","valueRequired":true,"valueName":"search_term_string"}}],"inLanguage":"fr-FR"},{"@type":"Person","@id":"https:\/\/kick442.com\/#\/schema\/person\/b5d0b55ff7537d66370a9d14463ba26a","name":"Lesley Ngwa","image":{"@type":"ImageObject","inLanguage":"fr-FR","@id":"https:\/\/kick442.com\/#\/schema\/person\/image\/","url":"https:\/\/secure.gravatar.com\/avatar\/46900d211239d03aac45f8e4e8105f9572bc760c372ca55ab90036c3a1a3323f?s=96&d=mm&r=g","contentUrl":"https:\/\/secure.gravatar.com\/avatar\/46900d211239d03aac45f8e4e8105f9572bc760c372ca55ab90036c3a1a3323f?s=96&d=mm&r=g","caption":"Lesley Ngwa"},"description":"Sports Writer; CAF Media Officer &amp; Content Creator ,FIFA World Cup 2022 PMA,CEO http:\/\/kick4442.com I AFCON x3, WC X2 l akonlesna@yahoo.com \/675583463 for work","sameAs":["https:\/\/www.kick442.com\/","Angu Lesley Akonwi","https:\/\/x.com\/angulesley442"],"url":"https:\/\/kick442.com\/fr\/author\/alesley44\/"}]}},"_links":{"self":[{"href":"https:\/\/kick442.com\/fr\/wp-json\/wp\/v2\/posts\/3691","targetHints":{"allow":["GET"]}}],"collection":[{"href":"https:\/\/kick442.com\/fr\/wp-json\/wp\/v2\/posts"}],"about":[{"href":"https:\/\/kick442.com\/fr\/wp-json\/wp\/v2\/types\/post"}],"author":[{"embeddable":true,"href":"https:\/\/kick442.com\/fr\/wp-json\/wp\/v2\/users\/2"}],"replies":[{"embeddable":true,"href":"https:\/\/kick442.com\/fr\/wp-json\/wp\/v2\/comments?post=3691"}],"version-history":[{"count":1,"href":"https:\/\/kick442.com\/fr\/wp-json\/wp\/v2\/posts\/3691\/revisions"}],"predecessor-version":[{"id":3693,"href":"https:\/\/kick442.com\/fr\/wp-json\/wp\/v2\/posts\/3691\/revisions\/3693"}],"wp:featuredmedia":[{"embeddable":true,"href":"https:\/\/kick442.com\/fr\/wp-json\/wp\/v2\/media\/3692"}],"wp:attachment":[{"href":"https:\/\/kick442.com\/fr\/wp-json\/wp\/v2\/media?parent=3691"}],"wp:term":[{"taxonomy":"category","embeddable":true,"href":"https:\/\/kick442.com\/fr\/wp-json\/wp\/v2\/categories?post=3691"},{"taxonomy":"post_tag","embeddable":true,"href":"https:\/\/kick442.com\/fr\/wp-json\/wp\/v2\/tags?post=3691"}],"curies":[{"name":"wp","href":"https:\/\/api.w.org\/{rel}","templated":true}]}}