{"id":26934,"date":"2026-01-18T18:56:42","date_gmt":"2026-01-18T18:56:42","guid":{"rendered":"https:\/\/kick442.com\/?p=26934"},"modified":"2026-01-18T18:56:42","modified_gmt":"2026-01-18T18:56:42","slug":"breaking-news-coup-de-tonnerre-a-rabat-krepin-diatta-forfait-antoine-mendy-lance-dans-le-feu-de-la-finale","status":"publish","type":"post","link":"https:\/\/kick442.com\/fr\/breaking-news-coup-de-tonnerre-a-rabat-krepin-diatta-forfait-antoine-mendy-lance-dans-le-feu-de-la-finale\/","title":{"rendered":"\u200eBreaking News : Coup de tonnerre \u00e0 Rabat ! Kr\u00e9pin Diatta forfait, Antoine Mendy lanc\u00e9 dans le feu de la finale"},"content":{"rendered":"<p><strong>Par Neilley Claude EBESSA<\/strong><br \/>\n<strong>\u200eJournaliste kick442.com Cameroun<\/strong><br \/>\n\u200e<br \/>\n\u200e<br \/>\n\u200e\u200bLe choc tant attendu entre le S\u00e9n\u00e9gal et le Maroc vient de conna\u00eetre son premier tournant dramatique avant m\u00eame le coup d\u2019envoi. Kr\u00e9pin Diatta, pi\u00e8ce ma\u00eetresse du syst\u00e8me de Pape Thiaw, a d\u00fb d\u00e9clarer forfait \u00e0 la suite d&#8217;une alerte physique lors de l&#8217;\u00e9chauffement au stade Prince Moulay Abdellah.<br \/>\n\u200e<br \/>\n\u200e\u200bC&#8217;est un v\u00e9ritable s\u00e9isme dans le camp des Lions de la Teranga. Alors que les compositions officielles avaient \u00e9t\u00e9 annonc\u00e9es, le piston droit de l&#8217;AS Monaco, Kr\u00e9pin Diatta, a ressenti une douleur fulgurante durant les derniers exercices de pr\u00e9paration. Apr\u00e8s une discussion rapide avec le staff m\u00e9dical et Pape Thiaw, la d\u00e9cision est tomb\u00e9e : Diatta ne peut pas tenir son rang.<br \/>\n\u200e<br \/>\n<em><strong>\u200e\u200bLe bapt\u00eame du feu pour Antoine Mendy<\/strong><\/em><br \/>\n\u200e<br \/>\n\u200e\u200bPour pallier cette absence de derni\u00e8re minute, le s\u00e9lectionneur s\u00e9n\u00e9galais a choisi de lancer Antoine Mendy (21 ans, OGC Nice). Si le jeune lat\u00e9ral a montr\u00e9 de belles promesses durant ses quelques s\u00e9lections depuis mars 2025, c&#8217;est une responsabilit\u00e9 immense qui p\u00e8se sur ses \u00e9paules : d\u00e9buter sa premi\u00e8re grande finale internationale face \u00e0 l&#8217;armada marocaine.<br \/>\n\u200e<br \/>\n\u200e<br \/>\n\u200e\u200bLe retrait de Diatta modifie radicalement l&#8217;\u00e9quilibre de la rencontre pour deux raisons majeures :<br \/>\n\u200e<br \/>\n\u200e\u200b* <strong><em>D\u00e9fense contre le feu follet Ezzalzouli<\/em><\/strong> : Kr\u00e9pin Diatta assurait un repli d\u00e9fensif et une exp\u00e9rience tactique essentiels pour contenir les mont\u00e9es d&#8217;Abde Ezzalzouli et les d\u00e9doublements de Mazraoui. Antoine Mendy, bien que plus physique (1m87) et solide dans les duels a\u00e9riens, pourrait manquer de rep\u00e8res face \u00e0 la vitesse de transition des Marocains sur son c\u00f4t\u00e9.<\/p>\n<p>\u200e\u200b* <strong><em>L&#8217;apport offensif sacrifi\u00e9<\/em><\/strong> : Diatta \u00e9tait le principal pourvoyeur de centres pour Nicolas Jackson. Avec Mendy, le S\u00e9n\u00e9gal risque d&#8217;adopter un profil plus &#8220;verrou&#8221; sur l&#8217;aile droite, laissant \u00e0 Sadio Man\u00e9 et Iliman Ndiaye tout le poids de la cr\u00e9ation offensive.<br \/>\n\u200e<br \/>\n* <strong><em>\u200e\u200bLe facteur psychologique<\/em><\/strong> : Le Maroc, port\u00e9 par son public, pourrait voir dans ce forfait un signe du destin. Walid Regragui pourrait demander \u00e0 ses joueurs d&#8217;insister imm\u00e9diatement sur le couloir droit s\u00e9n\u00e9galais pour tester la nervosit\u00e9 du jeune Mendy d\u00e8s les premi\u00e8res minutes.<br \/>\n\u200e<br \/>\n\u200e\u200bLe coup d\u2019envoi est pr\u00e9vu dans moins d&#8217;un quart d&#8217;heure. Le S\u00e9n\u00e9gal saura-t-il transformer ce coup du sort en force collective ?<\/p>","protected":false},"excerpt":{"rendered":"<p>Par Neilley Claude EBESSA \u200eJournaliste kick442.com Cameroun \u200e \u200e \u200e\u200bLe choc tant attendu entre&hellip;<\/p>","protected":false},"author":9,"featured_media":26935,"comment_status":"open","ping_status":"open","sticky":false,"template":"","format":"standard","meta":{"_monsterinsights_skip_tracking":false,"_monsterinsights_sitenote_active":false,"_monsterinsights_sitenote_note":"","_monsterinsights_sitenote_category":0,"footnotes":""},"categories":[140,39,213,225,25,5],"tags":[],"class_list":["post-26934","post","type-post","status-publish","format-standard","has-post-thumbnail","hentry","category-afcon","category-african-football","category-athletes","category-caf","category-fifa","category-football"],"yoast_head":"<!-- This site is optimized with the Yoast SEO plugin v26.1.1 - https:\/\/yoast.com\/wordpress\/plugins\/seo\/ -->\n<title>\u200eBreaking News : Coup de tonnerre \u00e0 Rabat ! Kr\u00e9pin Diatta forfait, Antoine Mendy lanc\u00e9 dans le feu de la finale - KICK442 Sport News<\/title>\n<meta name=\"robots\" content=\"index, follow, max-snippet:-1, max-image-preview:large, max-video-preview:-1\" \/>\n<link rel=\"canonical\" href=\"https:\/\/kick442.com\/fr\/breaking-news-coup-de-tonnerre-a-rabat-krepin-diatta-forfait-antoine-mendy-lance-dans-le-feu-de-la-finale\/\" \/>\n<meta property=\"og:locale\" content=\"fr_FR\" \/>\n<meta property=\"og:type\" content=\"article\" \/>\n<meta property=\"og:title\" content=\"\u200eBreaking News : Coup de tonnerre \u00e0 Rabat ! Kr\u00e9pin Diatta forfait, Antoine Mendy lanc\u00e9 dans le feu de la finale - KICK442 Sport News\" \/>\n<meta property=\"og:description\" content=\"Par Neilley Claude EBESSA \u200eJournaliste kick442.com Cameroun \u200e \u200e \u200e\u200bLe choc tant attendu entre&hellip;\" \/>\n<meta property=\"og:url\" content=\"https:\/\/kick442.com\/fr\/breaking-news-coup-de-tonnerre-a-rabat-krepin-diatta-forfait-antoine-mendy-lance-dans-le-feu-de-la-finale\/\" \/>\n<meta property=\"og:site_name\" content=\"KICK442 Sport News\" \/>\n<meta property=\"article:published_time\" content=\"2026-01-18T18:56:42+00:00\" \/>\n<meta property=\"og:image\" content=\"https:\/\/kick442.com\/wp-content\/uploads\/2026\/01\/IMG-20260118-WA0085.jpg\" \/>\n\t<meta property=\"og:image:width\" content=\"1016\" \/>\n\t<meta property=\"og:image:height\" content=\"1080\" \/>\n\t<meta property=\"og:image:type\" content=\"image\/jpeg\" \/>\n<meta name=\"author\" content=\"neilley ebessa\" \/>\n<meta name=\"twitter:card\" content=\"summary_large_image\" \/>\n<meta name=\"twitter:label1\" content=\"\u00c9crit par\" \/>\n\t<meta name=\"twitter:data1\" content=\"neilley ebessa\" \/>\n\t<meta name=\"twitter:label2\" content=\"Dur\u00e9e de lecture estim\u00e9e\" \/>\n\t<meta name=\"twitter:data2\" content=\"2 minutes\" \/>\n<script type=\"application\/ld+json\" class=\"yoast-schema-graph\">{\"@context\":\"https:\/\/schema.org\",\"@graph\":[{\"@type\":\"WebPage\",\"@id\":\"https:\/\/kick442.com\/breaking-news-coup-de-tonnerre-a-rabat-krepin-diatta-forfait-antoine-mendy-lance-dans-le-feu-de-la-finale\/\",\"url\":\"https:\/\/kick442.com\/breaking-news-coup-de-tonnerre-a-rabat-krepin-diatta-forfait-antoine-mendy-lance-dans-le-feu-de-la-finale\/\",\"name\":\"\u200eBreaking News : Coup de tonnerre \u00e0 Rabat ! Kr\u00e9pin Diatta forfait, Antoine Mendy lanc\u00e9 dans le feu de la finale - KICK442 Sport News\",\"isPartOf\":{\"@id\":\"https:\/\/kick442.com\/#website\"},\"primaryImageOfPage\":{\"@id\":\"https:\/\/kick442.com\/breaking-news-coup-de-tonnerre-a-rabat-krepin-diatta-forfait-antoine-mendy-lance-dans-le-feu-de-la-finale\/#primaryimage\"},\"image\":{\"@id\":\"https:\/\/kick442.com\/breaking-news-coup-de-tonnerre-a-rabat-krepin-diatta-forfait-antoine-mendy-lance-dans-le-feu-de-la-finale\/#primaryimage\"},\"thumbnailUrl\":\"https:\/\/kick442.com\/wp-content\/uploads\/2026\/01\/IMG-20260118-WA0085.jpg\",\"datePublished\":\"2026-01-18T18:56:42+00:00\",\"author\":{\"@id\":\"https:\/\/kick442.com\/#\/schema\/person\/c1fec891a5f0ae6a509bfe6b61a4f6d8\"},\"breadcrumb\":{\"@id\":\"https:\/\/kick442.com\/breaking-news-coup-de-tonnerre-a-rabat-krepin-diatta-forfait-antoine-mendy-lance-dans-le-feu-de-la-finale\/#breadcrumb\"},\"inLanguage\":\"fr-FR\",\"potentialAction\":[{\"@type\":\"ReadAction\",\"target\":[\"https:\/\/kick442.com\/breaking-news-coup-de-tonnerre-a-rabat-krepin-diatta-forfait-antoine-mendy-lance-dans-le-feu-de-la-finale\/\"]}]},{\"@type\":\"ImageObject\",\"inLanguage\":\"fr-FR\",\"@id\":\"https:\/\/kick442.com\/breaking-news-coup-de-tonnerre-a-rabat-krepin-diatta-forfait-antoine-mendy-lance-dans-le-feu-de-la-finale\/#primaryimage\",\"url\":\"https:\/\/kick442.com\/wp-content\/uploads\/2026\/01\/IMG-20260118-WA0085.jpg\",\"contentUrl\":\"https:\/\/kick442.com\/wp-content\/uploads\/2026\/01\/IMG-20260118-WA0085.jpg\",\"width\":1016,\"height\":1080},{\"@type\":\"BreadcrumbList\",\"@id\":\"https:\/\/kick442.com\/breaking-news-coup-de-tonnerre-a-rabat-krepin-diatta-forfait-antoine-mendy-lance-dans-le-feu-de-la-finale\/#breadcrumb\",\"itemListElement\":[{\"@type\":\"ListItem\",\"position\":1,\"name\":\"Home\",\"item\":\"https:\/\/kick442.com\/\"},{\"@type\":\"ListItem\",\"position\":2,\"name\":\"\u200eBreaking News : Coup de tonnerre \u00e0 Rabat ! Kr\u00e9pin Diatta forfait, Antoine Mendy lanc\u00e9 dans le feu de la finale\"}]},{\"@type\":\"WebSite\",\"@id\":\"https:\/\/kick442.com\/#website\",\"url\":\"https:\/\/kick442.com\/\",\"name\":\"KICK442 Sport News\",\"description\":\"Best Sport News\",\"potentialAction\":[{\"@type\":\"SearchAction\",\"target\":{\"@type\":\"EntryPoint\",\"urlTemplate\":\"https:\/\/kick442.com\/?s={search_term_string}\"},\"query-input\":{\"@type\":\"PropertyValueSpecification\",\"valueRequired\":true,\"valueName\":\"search_term_string\"}}],\"inLanguage\":\"fr-FR\"},{\"@type\":\"Person\",\"@id\":\"https:\/\/kick442.com\/#\/schema\/person\/c1fec891a5f0ae6a509bfe6b61a4f6d8\",\"name\":\"neilley ebessa\",\"image\":{\"@type\":\"ImageObject\",\"inLanguage\":\"fr-FR\",\"@id\":\"https:\/\/kick442.com\/#\/schema\/person\/image\/\",\"url\":\"https:\/\/secure.gravatar.com\/avatar\/f3e8117f1effa9d37cdc0d8bf9f635115deed3d72e3a18a084a75e40ea7364bc?s=96&d=mm&r=g\",\"contentUrl\":\"https:\/\/secure.gravatar.com\/avatar\/f3e8117f1effa9d37cdc0d8bf9f635115deed3d72e3a18a084a75e40ea7364bc?s=96&d=mm&r=g\",\"caption\":\"neilley ebessa\"},\"url\":\"https:\/\/kick442.com\/fr\/author\/neilley\/\"}]}<\/script>\n<!-- \/ Yoast SEO plugin. -->","yoast_head_json":{"title":"\u200eBreaking News : Coup de tonnerre \u00e0 Rabat ! Kr\u00e9pin Diatta forfait, Antoine Mendy lanc\u00e9 dans le feu de la finale - KICK442 Sport News","robots":{"index":"index","follow":"follow","max-snippet":"max-snippet:-1","max-image-preview":"max-image-preview:large","max-video-preview":"max-video-preview:-1"},"canonical":"https:\/\/kick442.com\/fr\/breaking-news-coup-de-tonnerre-a-rabat-krepin-diatta-forfait-antoine-mendy-lance-dans-le-feu-de-la-finale\/","og_locale":"fr_FR","og_type":"article","og_title":"\u200eBreaking News : Coup de tonnerre \u00e0 Rabat ! Kr\u00e9pin Diatta forfait, Antoine Mendy lanc\u00e9 dans le feu de la finale - KICK442 Sport News","og_description":"Par Neilley Claude EBESSA \u200eJournaliste kick442.com Cameroun \u200e \u200e \u200e\u200bLe choc tant attendu entre&hellip;","og_url":"https:\/\/kick442.com\/fr\/breaking-news-coup-de-tonnerre-a-rabat-krepin-diatta-forfait-antoine-mendy-lance-dans-le-feu-de-la-finale\/","og_site_name":"KICK442 Sport News","article_published_time":"2026-01-18T18:56:42+00:00","og_image":[{"width":1016,"height":1080,"url":"https:\/\/kick442.com\/wp-content\/uploads\/2026\/01\/IMG-20260118-WA0085.jpg","type":"image\/jpeg"}],"author":"neilley ebessa","twitter_card":"summary_large_image","twitter_misc":{"\u00c9crit par":"neilley ebessa","Dur\u00e9e de lecture estim\u00e9e":"2 minutes"},"schema":{"@context":"https:\/\/schema.org","@graph":[{"@type":"WebPage","@id":"https:\/\/kick442.com\/breaking-news-coup-de-tonnerre-a-rabat-krepin-diatta-forfait-antoine-mendy-lance-dans-le-feu-de-la-finale\/","url":"https:\/\/kick442.com\/breaking-news-coup-de-tonnerre-a-rabat-krepin-diatta-forfait-antoine-mendy-lance-dans-le-feu-de-la-finale\/","name":"\u200eBreaking News : Coup de tonnerre \u00e0 Rabat ! Kr\u00e9pin Diatta forfait, Antoine Mendy lanc\u00e9 dans le feu de la finale - KICK442 Sport News","isPartOf":{"@id":"https:\/\/kick442.com\/#website"},"primaryImageOfPage":{"@id":"https:\/\/kick442.com\/breaking-news-coup-de-tonnerre-a-rabat-krepin-diatta-forfait-antoine-mendy-lance-dans-le-feu-de-la-finale\/#primaryimage"},"image":{"@id":"https:\/\/kick442.com\/breaking-news-coup-de-tonnerre-a-rabat-krepin-diatta-forfait-antoine-mendy-lance-dans-le-feu-de-la-finale\/#primaryimage"},"thumbnailUrl":"https:\/\/kick442.com\/wp-content\/uploads\/2026\/01\/IMG-20260118-WA0085.jpg","datePublished":"2026-01-18T18:56:42+00:00","author":{"@id":"https:\/\/kick442.com\/#\/schema\/person\/c1fec891a5f0ae6a509bfe6b61a4f6d8"},"breadcrumb":{"@id":"https:\/\/kick442.com\/breaking-news-coup-de-tonnerre-a-rabat-krepin-diatta-forfait-antoine-mendy-lance-dans-le-feu-de-la-finale\/#breadcrumb"},"inLanguage":"fr-FR","potentialAction":[{"@type":"ReadAction","target":["https:\/\/kick442.com\/breaking-news-coup-de-tonnerre-a-rabat-krepin-diatta-forfait-antoine-mendy-lance-dans-le-feu-de-la-finale\/"]}]},{"@type":"ImageObject","inLanguage":"fr-FR","@id":"https:\/\/kick442.com\/breaking-news-coup-de-tonnerre-a-rabat-krepin-diatta-forfait-antoine-mendy-lance-dans-le-feu-de-la-finale\/#primaryimage","url":"https:\/\/kick442.com\/wp-content\/uploads\/2026\/01\/IMG-20260118-WA0085.jpg","contentUrl":"https:\/\/kick442.com\/wp-content\/uploads\/2026\/01\/IMG-20260118-WA0085.jpg","width":1016,"height":1080},{"@type":"BreadcrumbList","@id":"https:\/\/kick442.com\/breaking-news-coup-de-tonnerre-a-rabat-krepin-diatta-forfait-antoine-mendy-lance-dans-le-feu-de-la-finale\/#breadcrumb","itemListElement":[{"@type":"ListItem","position":1,"name":"Home","item":"https:\/\/kick442.com\/"},{"@type":"ListItem","position":2,"name":"\u200eBreaking News : Coup de tonnerre \u00e0 Rabat ! Kr\u00e9pin Diatta forfait, Antoine Mendy lanc\u00e9 dans le feu de la finale"}]},{"@type":"WebSite","@id":"https:\/\/kick442.com\/#website","url":"https:\/\/kick442.com\/","name":"KICK442 Sport News","description":"Best Sport News","potentialAction":[{"@type":"SearchAction","target":{"@type":"EntryPoint","urlTemplate":"https:\/\/kick442.com\/?s={search_term_string}"},"query-input":{"@type":"PropertyValueSpecification","valueRequired":true,"valueName":"search_term_string"}}],"inLanguage":"fr-FR"},{"@type":"Person","@id":"https:\/\/kick442.com\/#\/schema\/person\/c1fec891a5f0ae6a509bfe6b61a4f6d8","name":"neilley ebessa","image":{"@type":"ImageObject","inLanguage":"fr-FR","@id":"https:\/\/kick442.com\/#\/schema\/person\/image\/","url":"https:\/\/secure.gravatar.com\/avatar\/f3e8117f1effa9d37cdc0d8bf9f635115deed3d72e3a18a084a75e40ea7364bc?s=96&d=mm&r=g","contentUrl":"https:\/\/secure.gravatar.com\/avatar\/f3e8117f1effa9d37cdc0d8bf9f635115deed3d72e3a18a084a75e40ea7364bc?s=96&d=mm&r=g","caption":"neilley ebessa"},"url":"https:\/\/kick442.com\/fr\/author\/neilley\/"}]}},"_links":{"self":[{"href":"https:\/\/kick442.com\/fr\/wp-json\/wp\/v2\/posts\/26934","targetHints":{"allow":["GET"]}}],"collection":[{"href":"https:\/\/kick442.com\/fr\/wp-json\/wp\/v2\/posts"}],"about":[{"href":"https:\/\/kick442.com\/fr\/wp-json\/wp\/v2\/types\/post"}],"author":[{"embeddable":true,"href":"https:\/\/kick442.com\/fr\/wp-json\/wp\/v2\/users\/9"}],"replies":[{"embeddable":true,"href":"https:\/\/kick442.com\/fr\/wp-json\/wp\/v2\/comments?post=26934"}],"version-history":[{"count":1,"href":"https:\/\/kick442.com\/fr\/wp-json\/wp\/v2\/posts\/26934\/revisions"}],"predecessor-version":[{"id":26936,"href":"https:\/\/kick442.com\/fr\/wp-json\/wp\/v2\/posts\/26934\/revisions\/26936"}],"wp:featuredmedia":[{"embeddable":true,"href":"https:\/\/kick442.com\/fr\/wp-json\/wp\/v2\/media\/26935"}],"wp:attachment":[{"href":"https:\/\/kick442.com\/fr\/wp-json\/wp\/v2\/media?parent=26934"}],"wp:term":[{"taxonomy":"category","embeddable":true,"href":"https:\/\/kick442.com\/fr\/wp-json\/wp\/v2\/categories?post=26934"},{"taxonomy":"post_tag","embeddable":true,"href":"https:\/\/kick442.com\/fr\/wp-json\/wp\/v2\/tags?post=26934"}],"curies":[{"name":"wp","href":"https:\/\/api.w.org\/{rel}","templated":true}]}}