{"id":26107,"date":"2025-12-19T17:50:04","date_gmt":"2025-12-19T17:50:04","guid":{"rendered":"https:\/\/kick442.com\/?p=26107"},"modified":"2025-12-19T17:50:04","modified_gmt":"2025-12-19T17:50:04","slug":"davido-french-montana-headline-afcon-2025-official-kick-off-concert-in-rabat","status":"publish","type":"post","link":"https:\/\/kick442.com\/fr\/davido-french-montana-headline-afcon-2025-official-kick-off-concert-in-rabat\/","title":{"rendered":"Davido, French Montana Headline AFCON 2025 Official Kick-Off Concert in Rabat"},"content":{"rendered":"<p>The 2025 Africa Cup of Nations in Morocco will officially get underway off the pitch with a high-profile kick-off concert headlined by Nigerian Afrobeats star Davido and American-Moroccan rapper French Montana.<\/p>\n<p>The concert is scheduled for Saturday, December 20, 2025, at the OLM Souissi Fan Zone in Rabat, from 18:00 to 00:00 local time, according to the event flyer released by the Confederation of African Football (CAF).<\/p>\n<p>CAF\u2019s decision to open the tournament with a music-driven celebration reflects the growing link between African football and global popular culture, as the continent\u2019s biggest sporting event prepares for its first match.<\/p>\n<p>Davido leads the lineup as one of Africa\u2019s most recognisable music exports, bringing Afrobeats to the AFCON stage. The Nigerian artist has enjoyed sustained international success with tracks such as Fall, If and Unavailable, and his inclusion signals CAF\u2019s intent to position AFCON as a global spectacle beyond football.<\/p>\n<p>French Montana\u2019s appearance carries strong symbolic value. Born in Casablanca, the rapper returns home for a tournament Morocco is hosting for the first time since 1988. His participation blends global hip-hop appeal with local relevance.<\/p>\n<p>Moroccan artists Lartiste and Douaa Lahyaoui also feature on the bill, reinforcing the host nation\u2019s cultural presence. Lartiste has built a cross-border career between France and North Africa, while Douaa Lahyaoui represents a new generation of Moroccan pop artists.<\/p>\n<p>Says\u2019z, who represents France and the Comoros, completes the lineup, adding an Afro-urban sound to a concert designed to reflect the diversity of the continent.<\/p>\n<p>CAF confirmed that entry to the concert is free for fans holding a Fan ID or a valid match ticket, a move aimed at boosting fan engagement ahead of the opening fixtures.<\/p>\n<p>The kick-off concert forms part of a broader fan experience strategy around AFCON 2025, with Morocco set to host matches across multiple cities and venues.<\/p>\n<p>While teams finalize preparations on the training ground, Saturday\u2019s concert in Rabat will serve as the tournament\u2019s opening signal, setting the atmosphere before football takes centre stage on Sunday with hosts to take on Comoros<\/p>","protected":false},"excerpt":{"rendered":"<p>The 2025 Africa Cup of Nations in Morocco will officially get underway off the&hellip;<\/p>","protected":false},"author":9,"featured_media":26108,"comment_status":"open","ping_status":"open","sticky":false,"template":"","format":"standard","meta":{"_monsterinsights_skip_tracking":false,"_monsterinsights_sitenote_active":false,"_monsterinsights_sitenote_note":"","_monsterinsights_sitenote_category":0,"footnotes":""},"categories":[140,225,5],"tags":[],"class_list":["post-26107","post","type-post","status-publish","format-standard","has-post-thumbnail","hentry","category-afcon","category-caf","category-football"],"yoast_head":"<!-- This site is optimized with the Yoast SEO plugin v26.1.1 - https:\/\/yoast.com\/wordpress\/plugins\/seo\/ -->\n<title>Davido, French Montana Headline AFCON 2025 Official Kick-Off Concert in Rabat - KICK442 Sport News<\/title>\n<meta name=\"robots\" content=\"index, follow, max-snippet:-1, max-image-preview:large, max-video-preview:-1\" \/>\n<link rel=\"canonical\" href=\"https:\/\/kick442.com\/fr\/davido-french-montana-headline-afcon-2025-official-kick-off-concert-in-rabat\/\" \/>\n<meta property=\"og:locale\" content=\"fr_FR\" \/>\n<meta property=\"og:type\" content=\"article\" \/>\n<meta property=\"og:title\" content=\"Davido, French Montana Headline AFCON 2025 Official Kick-Off Concert in Rabat - KICK442 Sport News\" \/>\n<meta property=\"og:description\" content=\"The 2025 Africa Cup of Nations in Morocco will officially get underway off the&hellip;\" \/>\n<meta property=\"og:url\" content=\"https:\/\/kick442.com\/fr\/davido-french-montana-headline-afcon-2025-official-kick-off-concert-in-rabat\/\" \/>\n<meta property=\"og:site_name\" content=\"KICK442 Sport News\" \/>\n<meta property=\"article:published_time\" content=\"2025-12-19T17:50:04+00:00\" \/>\n<meta property=\"og:image\" content=\"https:\/\/kick442.com\/wp-content\/uploads\/2025\/12\/IMG-20251219-WA0130.jpg\" \/>\n\t<meta property=\"og:image:width\" content=\"960\" \/>\n\t<meta property=\"og:image:height\" content=\"1280\" \/>\n\t<meta property=\"og:image:type\" content=\"image\/jpeg\" \/>\n<meta name=\"author\" content=\"neilley ebessa\" \/>\n<meta name=\"twitter:card\" content=\"summary_large_image\" \/>\n<meta name=\"twitter:label1\" content=\"\u00c9crit par\" \/>\n\t<meta name=\"twitter:data1\" content=\"neilley ebessa\" \/>\n\t<meta name=\"twitter:label2\" content=\"Dur\u00e9e de lecture estim\u00e9e\" \/>\n\t<meta name=\"twitter:data2\" content=\"2 minutes\" \/>\n<script type=\"application\/ld+json\" class=\"yoast-schema-graph\">{\"@context\":\"https:\/\/schema.org\",\"@graph\":[{\"@type\":\"WebPage\",\"@id\":\"https:\/\/kick442.com\/davido-french-montana-headline-afcon-2025-official-kick-off-concert-in-rabat\/\",\"url\":\"https:\/\/kick442.com\/davido-french-montana-headline-afcon-2025-official-kick-off-concert-in-rabat\/\",\"name\":\"Davido, French Montana Headline AFCON 2025 Official Kick-Off Concert in Rabat - KICK442 Sport News\",\"isPartOf\":{\"@id\":\"https:\/\/kick442.com\/#website\"},\"primaryImageOfPage\":{\"@id\":\"https:\/\/kick442.com\/davido-french-montana-headline-afcon-2025-official-kick-off-concert-in-rabat\/#primaryimage\"},\"image\":{\"@id\":\"https:\/\/kick442.com\/davido-french-montana-headline-afcon-2025-official-kick-off-concert-in-rabat\/#primaryimage\"},\"thumbnailUrl\":\"https:\/\/kick442.com\/wp-content\/uploads\/2025\/12\/IMG-20251219-WA0130.jpg\",\"datePublished\":\"2025-12-19T17:50:04+00:00\",\"author\":{\"@id\":\"https:\/\/kick442.com\/#\/schema\/person\/c1fec891a5f0ae6a509bfe6b61a4f6d8\"},\"breadcrumb\":{\"@id\":\"https:\/\/kick442.com\/davido-french-montana-headline-afcon-2025-official-kick-off-concert-in-rabat\/#breadcrumb\"},\"inLanguage\":\"fr-FR\",\"potentialAction\":[{\"@type\":\"ReadAction\",\"target\":[\"https:\/\/kick442.com\/davido-french-montana-headline-afcon-2025-official-kick-off-concert-in-rabat\/\"]}]},{\"@type\":\"ImageObject\",\"inLanguage\":\"fr-FR\",\"@id\":\"https:\/\/kick442.com\/davido-french-montana-headline-afcon-2025-official-kick-off-concert-in-rabat\/#primaryimage\",\"url\":\"https:\/\/kick442.com\/wp-content\/uploads\/2025\/12\/IMG-20251219-WA0130.jpg\",\"contentUrl\":\"https:\/\/kick442.com\/wp-content\/uploads\/2025\/12\/IMG-20251219-WA0130.jpg\",\"width\":960,\"height\":1280},{\"@type\":\"BreadcrumbList\",\"@id\":\"https:\/\/kick442.com\/davido-french-montana-headline-afcon-2025-official-kick-off-concert-in-rabat\/#breadcrumb\",\"itemListElement\":[{\"@type\":\"ListItem\",\"position\":1,\"name\":\"Home\",\"item\":\"https:\/\/kick442.com\/\"},{\"@type\":\"ListItem\",\"position\":2,\"name\":\"Davido, French Montana Headline AFCON 2025 Official Kick-Off Concert in Rabat\"}]},{\"@type\":\"WebSite\",\"@id\":\"https:\/\/kick442.com\/#website\",\"url\":\"https:\/\/kick442.com\/\",\"name\":\"KICK442 Sport News\",\"description\":\"Best Sport News\",\"potentialAction\":[{\"@type\":\"SearchAction\",\"target\":{\"@type\":\"EntryPoint\",\"urlTemplate\":\"https:\/\/kick442.com\/?s={search_term_string}\"},\"query-input\":{\"@type\":\"PropertyValueSpecification\",\"valueRequired\":true,\"valueName\":\"search_term_string\"}}],\"inLanguage\":\"fr-FR\"},{\"@type\":\"Person\",\"@id\":\"https:\/\/kick442.com\/#\/schema\/person\/c1fec891a5f0ae6a509bfe6b61a4f6d8\",\"name\":\"neilley ebessa\",\"image\":{\"@type\":\"ImageObject\",\"inLanguage\":\"fr-FR\",\"@id\":\"https:\/\/kick442.com\/#\/schema\/person\/image\/\",\"url\":\"https:\/\/secure.gravatar.com\/avatar\/f3e8117f1effa9d37cdc0d8bf9f635115deed3d72e3a18a084a75e40ea7364bc?s=96&d=mm&r=g\",\"contentUrl\":\"https:\/\/secure.gravatar.com\/avatar\/f3e8117f1effa9d37cdc0d8bf9f635115deed3d72e3a18a084a75e40ea7364bc?s=96&d=mm&r=g\",\"caption\":\"neilley ebessa\"},\"url\":\"https:\/\/kick442.com\/fr\/author\/neilley\/\"}]}<\/script>\n<!-- \/ Yoast SEO plugin. -->","yoast_head_json":{"title":"Davido, French Montana Headline AFCON 2025 Official Kick-Off Concert in Rabat - KICK442 Sport News","robots":{"index":"index","follow":"follow","max-snippet":"max-snippet:-1","max-image-preview":"max-image-preview:large","max-video-preview":"max-video-preview:-1"},"canonical":"https:\/\/kick442.com\/fr\/davido-french-montana-headline-afcon-2025-official-kick-off-concert-in-rabat\/","og_locale":"fr_FR","og_type":"article","og_title":"Davido, French Montana Headline AFCON 2025 Official Kick-Off Concert in Rabat - KICK442 Sport News","og_description":"The 2025 Africa Cup of Nations in Morocco will officially get underway off the&hellip;","og_url":"https:\/\/kick442.com\/fr\/davido-french-montana-headline-afcon-2025-official-kick-off-concert-in-rabat\/","og_site_name":"KICK442 Sport News","article_published_time":"2025-12-19T17:50:04+00:00","og_image":[{"width":960,"height":1280,"url":"https:\/\/kick442.com\/wp-content\/uploads\/2025\/12\/IMG-20251219-WA0130.jpg","type":"image\/jpeg"}],"author":"neilley ebessa","twitter_card":"summary_large_image","twitter_misc":{"\u00c9crit par":"neilley ebessa","Dur\u00e9e de lecture estim\u00e9e":"2 minutes"},"schema":{"@context":"https:\/\/schema.org","@graph":[{"@type":"WebPage","@id":"https:\/\/kick442.com\/davido-french-montana-headline-afcon-2025-official-kick-off-concert-in-rabat\/","url":"https:\/\/kick442.com\/davido-french-montana-headline-afcon-2025-official-kick-off-concert-in-rabat\/","name":"Davido, French Montana Headline AFCON 2025 Official Kick-Off Concert in Rabat - KICK442 Sport News","isPartOf":{"@id":"https:\/\/kick442.com\/#website"},"primaryImageOfPage":{"@id":"https:\/\/kick442.com\/davido-french-montana-headline-afcon-2025-official-kick-off-concert-in-rabat\/#primaryimage"},"image":{"@id":"https:\/\/kick442.com\/davido-french-montana-headline-afcon-2025-official-kick-off-concert-in-rabat\/#primaryimage"},"thumbnailUrl":"https:\/\/kick442.com\/wp-content\/uploads\/2025\/12\/IMG-20251219-WA0130.jpg","datePublished":"2025-12-19T17:50:04+00:00","author":{"@id":"https:\/\/kick442.com\/#\/schema\/person\/c1fec891a5f0ae6a509bfe6b61a4f6d8"},"breadcrumb":{"@id":"https:\/\/kick442.com\/davido-french-montana-headline-afcon-2025-official-kick-off-concert-in-rabat\/#breadcrumb"},"inLanguage":"fr-FR","potentialAction":[{"@type":"ReadAction","target":["https:\/\/kick442.com\/davido-french-montana-headline-afcon-2025-official-kick-off-concert-in-rabat\/"]}]},{"@type":"ImageObject","inLanguage":"fr-FR","@id":"https:\/\/kick442.com\/davido-french-montana-headline-afcon-2025-official-kick-off-concert-in-rabat\/#primaryimage","url":"https:\/\/kick442.com\/wp-content\/uploads\/2025\/12\/IMG-20251219-WA0130.jpg","contentUrl":"https:\/\/kick442.com\/wp-content\/uploads\/2025\/12\/IMG-20251219-WA0130.jpg","width":960,"height":1280},{"@type":"BreadcrumbList","@id":"https:\/\/kick442.com\/davido-french-montana-headline-afcon-2025-official-kick-off-concert-in-rabat\/#breadcrumb","itemListElement":[{"@type":"ListItem","position":1,"name":"Home","item":"https:\/\/kick442.com\/"},{"@type":"ListItem","position":2,"name":"Davido, French Montana Headline AFCON 2025 Official Kick-Off Concert in Rabat"}]},{"@type":"WebSite","@id":"https:\/\/kick442.com\/#website","url":"https:\/\/kick442.com\/","name":"KICK442 Sport News","description":"Best Sport News","potentialAction":[{"@type":"SearchAction","target":{"@type":"EntryPoint","urlTemplate":"https:\/\/kick442.com\/?s={search_term_string}"},"query-input":{"@type":"PropertyValueSpecification","valueRequired":true,"valueName":"search_term_string"}}],"inLanguage":"fr-FR"},{"@type":"Person","@id":"https:\/\/kick442.com\/#\/schema\/person\/c1fec891a5f0ae6a509bfe6b61a4f6d8","name":"neilley ebessa","image":{"@type":"ImageObject","inLanguage":"fr-FR","@id":"https:\/\/kick442.com\/#\/schema\/person\/image\/","url":"https:\/\/secure.gravatar.com\/avatar\/f3e8117f1effa9d37cdc0d8bf9f635115deed3d72e3a18a084a75e40ea7364bc?s=96&d=mm&r=g","contentUrl":"https:\/\/secure.gravatar.com\/avatar\/f3e8117f1effa9d37cdc0d8bf9f635115deed3d72e3a18a084a75e40ea7364bc?s=96&d=mm&r=g","caption":"neilley ebessa"},"url":"https:\/\/kick442.com\/fr\/author\/neilley\/"}]}},"_links":{"self":[{"href":"https:\/\/kick442.com\/fr\/wp-json\/wp\/v2\/posts\/26107","targetHints":{"allow":["GET"]}}],"collection":[{"href":"https:\/\/kick442.com\/fr\/wp-json\/wp\/v2\/posts"}],"about":[{"href":"https:\/\/kick442.com\/fr\/wp-json\/wp\/v2\/types\/post"}],"author":[{"embeddable":true,"href":"https:\/\/kick442.com\/fr\/wp-json\/wp\/v2\/users\/9"}],"replies":[{"embeddable":true,"href":"https:\/\/kick442.com\/fr\/wp-json\/wp\/v2\/comments?post=26107"}],"version-history":[{"count":1,"href":"https:\/\/kick442.com\/fr\/wp-json\/wp\/v2\/posts\/26107\/revisions"}],"predecessor-version":[{"id":26109,"href":"https:\/\/kick442.com\/fr\/wp-json\/wp\/v2\/posts\/26107\/revisions\/26109"}],"wp:featuredmedia":[{"embeddable":true,"href":"https:\/\/kick442.com\/fr\/wp-json\/wp\/v2\/media\/26108"}],"wp:attachment":[{"href":"https:\/\/kick442.com\/fr\/wp-json\/wp\/v2\/media?parent=26107"}],"wp:term":[{"taxonomy":"category","embeddable":true,"href":"https:\/\/kick442.com\/fr\/wp-json\/wp\/v2\/categories?post=26107"},{"taxonomy":"post_tag","embeddable":true,"href":"https:\/\/kick442.com\/fr\/wp-json\/wp\/v2\/tags?post=26107"}],"curies":[{"name":"wp","href":"https:\/\/api.w.org\/{rel}","templated":true}]}}