{"id":25809,"date":"2025-11-29T18:36:39","date_gmt":"2025-11-29T18:36:39","guid":{"rendered":"https:\/\/kick442.com\/?p=25809"},"modified":"2025-11-29T18:36:39","modified_gmt":"2025-11-29T18:36:39","slug":"etoo-seals-his-federal-future-on-a-day-of-catalan-heritage-%f0%9f%94%b5%f0%9f%94%b4","status":"publish","type":"post","link":"https:\/\/kick442.com\/fr\/etoo-seals-his-federal-future-on-a-day-of-catalan-heritage-%f0%9f%94%b5%f0%9f%94%b4\/","title":{"rendered":"Eto&#8217;o Seals His Federal Future on a Day of Catalan Heritage \ud83d\udd35\ud83d\udd34"},"content":{"rendered":"<p><strong>By Neilley Claude EBESSA,<\/strong><\/p>\n<p><strong>Journalist, kick442.com &#8211; Cameroon<\/strong><\/p>\n<p>November 29, 2025, is a date where the personal destiny of a legend and the centenary history of a club intertwine. While Europe celebrates heritage, Africa, through the voice of the ballot box, has just entrusted a new mandate to its most illustrious ambassador.<\/p>\n<p><em><strong>The Continuity at FECAFOOT: Samuel Eto&#8217;o Extends for Four Years<\/strong><\/em><\/p>\n<p>It is on this symbolic day that Samuel Eto\u2019o Fils, the former world-class striker, is re-elected as the head of the Cameroonian Football Federation (FECAFOOT) for a second four-year mandate.<\/p>\n<p><strong><em>From Pitch Legend to Federal Builder<\/em><\/strong><\/p>\n<p>Initially elected in December 2021 on a promise of &#8220;revolution&#8221; and modernization, Eto&#8217;o led a first mandate (2021-2025) marked by structural reforms \u2014 improving the status of local players, attempting to clean up management \u2014 but also by intense controversies and mixed sporting results. The absence of major CAF or FIFA trophies under his presidency has been widely scrutinized.<\/p>\n<p>This new term is therefore a vote of confidence for a long-term project. Samuel Eto&#8217;o is thus given the charge of guiding Cameroonian football to success, with the imperative to transform the rebuilt foundations into resounding achievements on the continental and global stage.<\/p>\n<p><img fetchpriority=\"high\" decoding=\"async\" class=\"alignnone size-medium wp-image-25810\" src=\"https:\/\/kick442.com\/wp-content\/uploads\/2025\/11\/IMG-20251129-WA0279-249x300.jpg\" alt=\"\" width=\"249\" height=\"300\" srcset=\"https:\/\/kick442.com\/wp-content\/uploads\/2025\/11\/IMG-20251129-WA0279-249x300.jpg 249w, https:\/\/kick442.com\/wp-content\/uploads\/2025\/11\/IMG-20251129-WA0279-850x1024.jpg 850w, https:\/\/kick442.com\/wp-content\/uploads\/2025\/11\/IMG-20251129-WA0279-768x926.jpg 768w, https:\/\/kick442.com\/wp-content\/uploads\/2025\/11\/IMG-20251129-WA0279-10x12.jpg 10w, https:\/\/kick442.com\/wp-content\/uploads\/2025\/11\/IMG-20251129-WA0279-585x705.jpg 585w, https:\/\/kick442.com\/wp-content\/uploads\/2025\/11\/IMG-20251129-WA0279.jpg 896w\" sizes=\"(max-width: 249px) 100vw, 249px\" \/><\/p>\n<p><strong><em>The Celebration: 126 Years of FC Barcelona Pride<\/em><\/strong><\/p>\n<p>While the Cameroonian icon receives this mandate of sporting sovereignty, his club of heart celebrates a monumental anniversary. The Futbol Club Barcelona marks its 126th founding anniversary, established on November 29, 1899.<\/p>\n<p><em><strong>&#8220;M\u00e9s que un club&#8221;: A Historical Citadel<\/strong><\/em><\/p>\n<p>Eto&#8217;o&#8217;s destiny is intrinsically linked to Bar\u00e7a, where he reached the pinnacle and won major trophies. This day is an opportunity to remember that the Blaugrana club, born from the initiative of the Swiss Hans Gamper, has become, beyond its honours, a true standard-bearer of Catalan identity, a symbol of resistance and pride. The slogan &#8220;M\u00e9s que un club&#8221; continues to resonate, certifying that the Catalan institution is more than just a football machine.<\/p>\n<p><strong><em>The Day&#8217;s Gift: A Hard-Fought Victory and the Top Spot!<\/em><\/strong><\/p>\n<p>To cap off this historic anniversary, the first team made sure to offer victory to their supporters in the Camp Nou fortress. FC Barcelona won against Deportivo Alav\u00e9s with a solid score of 3 to 1 following a match rich in twists and turns.<\/p>\n<p>From the 6th minute, the Blaugrana took the lead thanks to an early goal from Lamine Yamal. Following a cross from Raphinha that sliced through the defence, the young prodigy, positioned at the far post, sent a powerful left-footed strike that was unstoppable.<\/p>\n<p>Bar\u00e7a then extended their lead in the 26th minute, when Dani Olmo capitalized on a fine action. Served by Raphinha over the top of the defence, Olmo struck the ball first-time from the penalty spot, hitting the mark perfectly.<\/p>\n<p>Finally, in stoppage time (90&#8217;+4), Dani Olmo definitively sealed the victory. Finishing a rapid counter-attack led by Lamine Yamal, Olmo won his one-on-one duel with the goalkeeper to score the 3-1 insurance goal.<\/p>\n<p>This crucial victory allows the Blaugrana to provisionally take the lead in the La Liga standings, securing a two-point advantage over their competitors.<\/p>\n<p>A successful birthday celebration! Provisional leaders with a 2-point lead. #Bar\u00e7aAlav\u00e9s.<\/p>","protected":false},"excerpt":{"rendered":"<p>By Neilley Claude EBESSA, Journalist, kick442.com &#8211; Cameroon November 29, 2025, is a date&hellip;<\/p>","protected":false},"author":9,"featured_media":25811,"comment_status":"open","ping_status":"open","sticky":false,"template":"","format":"standard","meta":{"_monsterinsights_skip_tracking":false,"_monsterinsights_sitenote_active":false,"_monsterinsights_sitenote_note":"","_monsterinsights_sitenote_category":0,"footnotes":""},"categories":[218,26,37,5],"tags":[],"class_list":["post-25809","post","type-post","status-publish","format-standard","has-post-thumbnail","hentry","category-cameroon-football","category-exclusive","category-fecafoot","category-football"],"yoast_head":"<!-- This site is optimized with the Yoast SEO plugin v26.1.1 - https:\/\/yoast.com\/wordpress\/plugins\/seo\/ -->\n<title>Eto&#039;o Seals His Federal Future on a Day of Catalan Heritage \ud83d\udd35\ud83d\udd34 - KICK442 Sport News<\/title>\n<meta name=\"robots\" content=\"index, follow, max-snippet:-1, max-image-preview:large, max-video-preview:-1\" \/>\n<link rel=\"canonical\" href=\"https:\/\/kick442.com\/fr\/etoo-seals-his-federal-future-on-a-day-of-catalan-heritage-\ud83d\udd35\ud83d\udd34\/\" \/>\n<meta property=\"og:locale\" content=\"fr_FR\" \/>\n<meta property=\"og:type\" content=\"article\" \/>\n<meta property=\"og:title\" content=\"Eto&#039;o Seals His Federal Future on a Day of Catalan Heritage \ud83d\udd35\ud83d\udd34 - KICK442 Sport News\" \/>\n<meta property=\"og:description\" content=\"By Neilley Claude EBESSA, Journalist, kick442.com &#8211; Cameroon November 29, 2025, is a date&hellip;\" \/>\n<meta property=\"og:url\" content=\"https:\/\/kick442.com\/fr\/etoo-seals-his-federal-future-on-a-day-of-catalan-heritage-\ud83d\udd35\ud83d\udd34\/\" \/>\n<meta property=\"og:site_name\" content=\"KICK442 Sport News\" \/>\n<meta property=\"article:published_time\" content=\"2025-11-29T18:36:39+00:00\" \/>\n<meta property=\"og:image\" content=\"https:\/\/kick442.com\/wp-content\/uploads\/2025\/11\/IMG-20251129-WA0331.jpg\" \/>\n\t<meta property=\"og:image:width\" content=\"892\" \/>\n\t<meta property=\"og:image:height\" content=\"594\" \/>\n\t<meta property=\"og:image:type\" content=\"image\/jpeg\" \/>\n<meta name=\"author\" content=\"neilley ebessa\" \/>\n<meta name=\"twitter:card\" content=\"summary_large_image\" \/>\n<meta name=\"twitter:label1\" content=\"\u00c9crit par\" \/>\n\t<meta name=\"twitter:data1\" content=\"neilley ebessa\" \/>\n\t<meta name=\"twitter:label2\" content=\"Dur\u00e9e de lecture estim\u00e9e\" \/>\n\t<meta name=\"twitter:data2\" content=\"3 minutes\" \/>\n<script type=\"application\/ld+json\" class=\"yoast-schema-graph\">{\"@context\":\"https:\/\/schema.org\",\"@graph\":[{\"@type\":\"WebPage\",\"@id\":\"https:\/\/kick442.com\/etoo-seals-his-federal-future-on-a-day-of-catalan-heritage-%f0%9f%94%b5%f0%9f%94%b4\/\",\"url\":\"https:\/\/kick442.com\/etoo-seals-his-federal-future-on-a-day-of-catalan-heritage-%f0%9f%94%b5%f0%9f%94%b4\/\",\"name\":\"Eto'o Seals His Federal Future on a Day of Catalan Heritage \ud83d\udd35\ud83d\udd34 - KICK442 Sport News\",\"isPartOf\":{\"@id\":\"https:\/\/kick442.com\/#website\"},\"primaryImageOfPage\":{\"@id\":\"https:\/\/kick442.com\/etoo-seals-his-federal-future-on-a-day-of-catalan-heritage-%f0%9f%94%b5%f0%9f%94%b4\/#primaryimage\"},\"image\":{\"@id\":\"https:\/\/kick442.com\/etoo-seals-his-federal-future-on-a-day-of-catalan-heritage-%f0%9f%94%b5%f0%9f%94%b4\/#primaryimage\"},\"thumbnailUrl\":\"https:\/\/kick442.com\/wp-content\/uploads\/2025\/11\/IMG-20251129-WA0331.jpg\",\"datePublished\":\"2025-11-29T18:36:39+00:00\",\"author\":{\"@id\":\"https:\/\/kick442.com\/#\/schema\/person\/c1fec891a5f0ae6a509bfe6b61a4f6d8\"},\"breadcrumb\":{\"@id\":\"https:\/\/kick442.com\/etoo-seals-his-federal-future-on-a-day-of-catalan-heritage-%f0%9f%94%b5%f0%9f%94%b4\/#breadcrumb\"},\"inLanguage\":\"fr-FR\",\"potentialAction\":[{\"@type\":\"ReadAction\",\"target\":[\"https:\/\/kick442.com\/etoo-seals-his-federal-future-on-a-day-of-catalan-heritage-%f0%9f%94%b5%f0%9f%94%b4\/\"]}]},{\"@type\":\"ImageObject\",\"inLanguage\":\"fr-FR\",\"@id\":\"https:\/\/kick442.com\/etoo-seals-his-federal-future-on-a-day-of-catalan-heritage-%f0%9f%94%b5%f0%9f%94%b4\/#primaryimage\",\"url\":\"https:\/\/kick442.com\/wp-content\/uploads\/2025\/11\/IMG-20251129-WA0331.jpg\",\"contentUrl\":\"https:\/\/kick442.com\/wp-content\/uploads\/2025\/11\/IMG-20251129-WA0331.jpg\",\"width\":892,\"height\":594},{\"@type\":\"BreadcrumbList\",\"@id\":\"https:\/\/kick442.com\/etoo-seals-his-federal-future-on-a-day-of-catalan-heritage-%f0%9f%94%b5%f0%9f%94%b4\/#breadcrumb\",\"itemListElement\":[{\"@type\":\"ListItem\",\"position\":1,\"name\":\"Home\",\"item\":\"https:\/\/kick442.com\/\"},{\"@type\":\"ListItem\",\"position\":2,\"name\":\"Eto&#8217;o Seals His Federal Future on a Day of Catalan Heritage \ud83d\udd35\ud83d\udd34\"}]},{\"@type\":\"WebSite\",\"@id\":\"https:\/\/kick442.com\/#website\",\"url\":\"https:\/\/kick442.com\/\",\"name\":\"KICK442 Sport News\",\"description\":\"Best Sport News\",\"potentialAction\":[{\"@type\":\"SearchAction\",\"target\":{\"@type\":\"EntryPoint\",\"urlTemplate\":\"https:\/\/kick442.com\/?s={search_term_string}\"},\"query-input\":{\"@type\":\"PropertyValueSpecification\",\"valueRequired\":true,\"valueName\":\"search_term_string\"}}],\"inLanguage\":\"fr-FR\"},{\"@type\":\"Person\",\"@id\":\"https:\/\/kick442.com\/#\/schema\/person\/c1fec891a5f0ae6a509bfe6b61a4f6d8\",\"name\":\"neilley ebessa\",\"image\":{\"@type\":\"ImageObject\",\"inLanguage\":\"fr-FR\",\"@id\":\"https:\/\/kick442.com\/#\/schema\/person\/image\/\",\"url\":\"https:\/\/secure.gravatar.com\/avatar\/f3e8117f1effa9d37cdc0d8bf9f635115deed3d72e3a18a084a75e40ea7364bc?s=96&d=mm&r=g\",\"contentUrl\":\"https:\/\/secure.gravatar.com\/avatar\/f3e8117f1effa9d37cdc0d8bf9f635115deed3d72e3a18a084a75e40ea7364bc?s=96&d=mm&r=g\",\"caption\":\"neilley ebessa\"},\"url\":\"https:\/\/kick442.com\/fr\/author\/neilley\/\"}]}<\/script>\n<!-- \/ Yoast SEO plugin. -->","yoast_head_json":{"title":"Eto'o Seals His Federal Future on a Day of Catalan Heritage \ud83d\udd35\ud83d\udd34 - KICK442 Sport News","robots":{"index":"index","follow":"follow","max-snippet":"max-snippet:-1","max-image-preview":"max-image-preview:large","max-video-preview":"max-video-preview:-1"},"canonical":"https:\/\/kick442.com\/fr\/etoo-seals-his-federal-future-on-a-day-of-catalan-heritage-\ud83d\udd35\ud83d\udd34\/","og_locale":"fr_FR","og_type":"article","og_title":"Eto'o Seals His Federal Future on a Day of Catalan Heritage \ud83d\udd35\ud83d\udd34 - KICK442 Sport News","og_description":"By Neilley Claude EBESSA, Journalist, kick442.com &#8211; Cameroon November 29, 2025, is a date&hellip;","og_url":"https:\/\/kick442.com\/fr\/etoo-seals-his-federal-future-on-a-day-of-catalan-heritage-\ud83d\udd35\ud83d\udd34\/","og_site_name":"KICK442 Sport News","article_published_time":"2025-11-29T18:36:39+00:00","og_image":[{"width":892,"height":594,"url":"https:\/\/kick442.com\/wp-content\/uploads\/2025\/11\/IMG-20251129-WA0331.jpg","type":"image\/jpeg"}],"author":"neilley ebessa","twitter_card":"summary_large_image","twitter_misc":{"\u00c9crit par":"neilley ebessa","Dur\u00e9e de lecture estim\u00e9e":"3 minutes"},"schema":{"@context":"https:\/\/schema.org","@graph":[{"@type":"WebPage","@id":"https:\/\/kick442.com\/etoo-seals-his-federal-future-on-a-day-of-catalan-heritage-%f0%9f%94%b5%f0%9f%94%b4\/","url":"https:\/\/kick442.com\/etoo-seals-his-federal-future-on-a-day-of-catalan-heritage-%f0%9f%94%b5%f0%9f%94%b4\/","name":"Eto'o Seals His Federal Future on a Day of Catalan Heritage \ud83d\udd35\ud83d\udd34 - KICK442 Sport News","isPartOf":{"@id":"https:\/\/kick442.com\/#website"},"primaryImageOfPage":{"@id":"https:\/\/kick442.com\/etoo-seals-his-federal-future-on-a-day-of-catalan-heritage-%f0%9f%94%b5%f0%9f%94%b4\/#primaryimage"},"image":{"@id":"https:\/\/kick442.com\/etoo-seals-his-federal-future-on-a-day-of-catalan-heritage-%f0%9f%94%b5%f0%9f%94%b4\/#primaryimage"},"thumbnailUrl":"https:\/\/kick442.com\/wp-content\/uploads\/2025\/11\/IMG-20251129-WA0331.jpg","datePublished":"2025-11-29T18:36:39+00:00","author":{"@id":"https:\/\/kick442.com\/#\/schema\/person\/c1fec891a5f0ae6a509bfe6b61a4f6d8"},"breadcrumb":{"@id":"https:\/\/kick442.com\/etoo-seals-his-federal-future-on-a-day-of-catalan-heritage-%f0%9f%94%b5%f0%9f%94%b4\/#breadcrumb"},"inLanguage":"fr-FR","potentialAction":[{"@type":"ReadAction","target":["https:\/\/kick442.com\/etoo-seals-his-federal-future-on-a-day-of-catalan-heritage-%f0%9f%94%b5%f0%9f%94%b4\/"]}]},{"@type":"ImageObject","inLanguage":"fr-FR","@id":"https:\/\/kick442.com\/etoo-seals-his-federal-future-on-a-day-of-catalan-heritage-%f0%9f%94%b5%f0%9f%94%b4\/#primaryimage","url":"https:\/\/kick442.com\/wp-content\/uploads\/2025\/11\/IMG-20251129-WA0331.jpg","contentUrl":"https:\/\/kick442.com\/wp-content\/uploads\/2025\/11\/IMG-20251129-WA0331.jpg","width":892,"height":594},{"@type":"BreadcrumbList","@id":"https:\/\/kick442.com\/etoo-seals-his-federal-future-on-a-day-of-catalan-heritage-%f0%9f%94%b5%f0%9f%94%b4\/#breadcrumb","itemListElement":[{"@type":"ListItem","position":1,"name":"Home","item":"https:\/\/kick442.com\/"},{"@type":"ListItem","position":2,"name":"Eto&#8217;o Seals His Federal Future on a Day of Catalan Heritage \ud83d\udd35\ud83d\udd34"}]},{"@type":"WebSite","@id":"https:\/\/kick442.com\/#website","url":"https:\/\/kick442.com\/","name":"KICK442 Sport News","description":"Best Sport News","potentialAction":[{"@type":"SearchAction","target":{"@type":"EntryPoint","urlTemplate":"https:\/\/kick442.com\/?s={search_term_string}"},"query-input":{"@type":"PropertyValueSpecification","valueRequired":true,"valueName":"search_term_string"}}],"inLanguage":"fr-FR"},{"@type":"Person","@id":"https:\/\/kick442.com\/#\/schema\/person\/c1fec891a5f0ae6a509bfe6b61a4f6d8","name":"neilley ebessa","image":{"@type":"ImageObject","inLanguage":"fr-FR","@id":"https:\/\/kick442.com\/#\/schema\/person\/image\/","url":"https:\/\/secure.gravatar.com\/avatar\/f3e8117f1effa9d37cdc0d8bf9f635115deed3d72e3a18a084a75e40ea7364bc?s=96&d=mm&r=g","contentUrl":"https:\/\/secure.gravatar.com\/avatar\/f3e8117f1effa9d37cdc0d8bf9f635115deed3d72e3a18a084a75e40ea7364bc?s=96&d=mm&r=g","caption":"neilley ebessa"},"url":"https:\/\/kick442.com\/fr\/author\/neilley\/"}]}},"_links":{"self":[{"href":"https:\/\/kick442.com\/fr\/wp-json\/wp\/v2\/posts\/25809","targetHints":{"allow":["GET"]}}],"collection":[{"href":"https:\/\/kick442.com\/fr\/wp-json\/wp\/v2\/posts"}],"about":[{"href":"https:\/\/kick442.com\/fr\/wp-json\/wp\/v2\/types\/post"}],"author":[{"embeddable":true,"href":"https:\/\/kick442.com\/fr\/wp-json\/wp\/v2\/users\/9"}],"replies":[{"embeddable":true,"href":"https:\/\/kick442.com\/fr\/wp-json\/wp\/v2\/comments?post=25809"}],"version-history":[{"count":1,"href":"https:\/\/kick442.com\/fr\/wp-json\/wp\/v2\/posts\/25809\/revisions"}],"predecessor-version":[{"id":25812,"href":"https:\/\/kick442.com\/fr\/wp-json\/wp\/v2\/posts\/25809\/revisions\/25812"}],"wp:featuredmedia":[{"embeddable":true,"href":"https:\/\/kick442.com\/fr\/wp-json\/wp\/v2\/media\/25811"}],"wp:attachment":[{"href":"https:\/\/kick442.com\/fr\/wp-json\/wp\/v2\/media?parent=25809"}],"wp:term":[{"taxonomy":"category","embeddable":true,"href":"https:\/\/kick442.com\/fr\/wp-json\/wp\/v2\/categories?post=25809"},{"taxonomy":"post_tag","embeddable":true,"href":"https:\/\/kick442.com\/fr\/wp-json\/wp\/v2\/tags?post=25809"}],"curies":[{"name":"wp","href":"https:\/\/api.w.org\/{rel}","templated":true}]}}