{"id":15549,"date":"2024-02-24T04:14:09","date_gmt":"2024-02-24T04:14:09","guid":{"rendered":"https:\/\/kick442.com\/?p=15549"},"modified":"2024-02-24T04:14:09","modified_gmt":"2024-02-24T04:14:09","slug":"algerias-fa-president-announce-employment-of-var","status":"publish","type":"post","link":"https:\/\/kick442.com\/fr\/algerias-fa-president-announce-employment-of-var\/","title":{"rendered":"Algeria&#8217;s FA president announce employment of VAR"},"content":{"rendered":"<p>President Walid Sadi of the Algerian Football Federation (FAF) has announced its executive committee&#8217;s decision to use the video assistant Referee technology in at least top-flight domestic championship matches from the start of the 2024\/25 season.<\/p>\n<p>\u201cWe will introduce VAR from next season,&#8221; he revealed during a recent interview.<\/p>\n<p>This welcome development comes barely weeks after the first-ever Africa Cup of Nations (AFCON) tournament in which the VAR was fully implemented in all 52 matches.<\/p>\n<p>This move from the Algerian football Federation will enable Algerian Referees and players to better acquaint themselves with the technology.<\/p>\n<p>Algeria joins the likes of Morocco, Tunisia, South Africa among others using the technology already.<\/p>\n<p>The Tanzania Premier League is also on the verge of adoption of the VAR as a key element of the growth of the domestic.<\/p>\n<hr \/>\n<p><strong>Copyright\u00a92023 kick442.com-Cameroon<\/strong><\/p>\n<p><strong>All rights reserved. This material and any other digital content on this platform may not be reproduced, published, broadcast, written, or distributed in full or in part, without written permission from our management.<\/strong><\/p>\n<p><strong>This site is not responsible for the content displayed by external sites<\/strong><\/p>","protected":false},"excerpt":{"rendered":"<p>President Walid Sadi of the Algerian Football Federation (FAF) has announced its executive committee&#8217;s&hellip;<\/p>","protected":false},"author":2,"featured_media":15550,"comment_status":"open","ping_status":"open","sticky":false,"template":"","format":"standard","meta":{"_monsterinsights_skip_tracking":false,"_monsterinsights_sitenote_active":false,"_monsterinsights_sitenote_note":"","_monsterinsights_sitenote_category":0,"footnotes":""},"categories":[39,5],"tags":[],"class_list":["post-15549","post","type-post","status-publish","format-standard","has-post-thumbnail","hentry","category-african-football","category-football"],"yoast_head":"<!-- This site is optimized with the Yoast SEO plugin v26.1.1 - https:\/\/yoast.com\/wordpress\/plugins\/seo\/ -->\n<title>Algeria&#039;s FA president announce employment of VAR - KICK442 Sport News<\/title>\n<meta name=\"robots\" content=\"index, follow, max-snippet:-1, max-image-preview:large, max-video-preview:-1\" \/>\n<link rel=\"canonical\" href=\"https:\/\/kick442.com\/fr\/algerias-fa-president-announce-employment-of-var\/\" \/>\n<meta property=\"og:locale\" content=\"fr_FR\" \/>\n<meta property=\"og:type\" content=\"article\" \/>\n<meta property=\"og:title\" content=\"Algeria&#039;s FA president announce employment of VAR - KICK442 Sport News\" \/>\n<meta property=\"og:description\" content=\"President Walid Sadi of the Algerian Football Federation (FAF) has announced its executive committee&#8217;s&hellip;\" \/>\n<meta property=\"og:url\" content=\"https:\/\/kick442.com\/fr\/algerias-fa-president-announce-employment-of-var\/\" \/>\n<meta property=\"og:site_name\" content=\"KICK442 Sport News\" \/>\n<meta property=\"article:author\" content=\"Angu Lesley Akonwi\" \/>\n<meta property=\"article:published_time\" content=\"2024-02-24T04:14:09+00:00\" \/>\n<meta property=\"og:image\" content=\"https:\/\/kick442.com\/wp-content\/uploads\/2024\/02\/CgAGVmUgLDWAM692AATw_WVWQGU784.jpg\" \/>\n\t<meta property=\"og:image:width\" content=\"720\" \/>\n\t<meta property=\"og:image:height\" content=\"514\" \/>\n\t<meta property=\"og:image:type\" content=\"image\/jpeg\" \/>\n<meta name=\"author\" content=\"Lesley Ngwa\" \/>\n<meta name=\"twitter:card\" content=\"summary_large_image\" \/>\n<meta name=\"twitter:creator\" content=\"@angulesley442\" \/>\n<meta name=\"twitter:label1\" content=\"\u00c9crit par\" \/>\n\t<meta name=\"twitter:data1\" content=\"Lesley Ngwa\" \/>\n\t<meta name=\"twitter:label2\" content=\"Dur\u00e9e de lecture estim\u00e9e\" \/>\n\t<meta name=\"twitter:data2\" content=\"1 minute\" \/>\n<script type=\"application\/ld+json\" class=\"yoast-schema-graph\">{\"@context\":\"https:\/\/schema.org\",\"@graph\":[{\"@type\":\"WebPage\",\"@id\":\"https:\/\/kick442.com\/algerias-fa-president-announce-employment-of-var\/\",\"url\":\"https:\/\/kick442.com\/algerias-fa-president-announce-employment-of-var\/\",\"name\":\"Algeria's FA president announce employment of VAR - KICK442 Sport News\",\"isPartOf\":{\"@id\":\"https:\/\/kick442.com\/#website\"},\"primaryImageOfPage\":{\"@id\":\"https:\/\/kick442.com\/algerias-fa-president-announce-employment-of-var\/#primaryimage\"},\"image\":{\"@id\":\"https:\/\/kick442.com\/algerias-fa-president-announce-employment-of-var\/#primaryimage\"},\"thumbnailUrl\":\"https:\/\/kick442.com\/wp-content\/uploads\/2024\/02\/CgAGVmUgLDWAM692AATw_WVWQGU784.jpg\",\"datePublished\":\"2024-02-24T04:14:09+00:00\",\"author\":{\"@id\":\"https:\/\/kick442.com\/#\/schema\/person\/b5d0b55ff7537d66370a9d14463ba26a\"},\"breadcrumb\":{\"@id\":\"https:\/\/kick442.com\/algerias-fa-president-announce-employment-of-var\/#breadcrumb\"},\"inLanguage\":\"fr-FR\",\"potentialAction\":[{\"@type\":\"ReadAction\",\"target\":[\"https:\/\/kick442.com\/algerias-fa-president-announce-employment-of-var\/\"]}]},{\"@type\":\"ImageObject\",\"inLanguage\":\"fr-FR\",\"@id\":\"https:\/\/kick442.com\/algerias-fa-president-announce-employment-of-var\/#primaryimage\",\"url\":\"https:\/\/kick442.com\/wp-content\/uploads\/2024\/02\/CgAGVmUgLDWAM692AATw_WVWQGU784.jpg\",\"contentUrl\":\"https:\/\/kick442.com\/wp-content\/uploads\/2024\/02\/CgAGVmUgLDWAM692AATw_WVWQGU784.jpg\",\"width\":720,\"height\":514},{\"@type\":\"BreadcrumbList\",\"@id\":\"https:\/\/kick442.com\/algerias-fa-president-announce-employment-of-var\/#breadcrumb\",\"itemListElement\":[{\"@type\":\"ListItem\",\"position\":1,\"name\":\"Home\",\"item\":\"https:\/\/kick442.com\/\"},{\"@type\":\"ListItem\",\"position\":2,\"name\":\"Algeria&#8217;s FA president announce employment of VAR\"}]},{\"@type\":\"WebSite\",\"@id\":\"https:\/\/kick442.com\/#website\",\"url\":\"https:\/\/kick442.com\/\",\"name\":\"KICK442 Sport News\",\"description\":\"Best Sport News\",\"potentialAction\":[{\"@type\":\"SearchAction\",\"target\":{\"@type\":\"EntryPoint\",\"urlTemplate\":\"https:\/\/kick442.com\/?s={search_term_string}\"},\"query-input\":{\"@type\":\"PropertyValueSpecification\",\"valueRequired\":true,\"valueName\":\"search_term_string\"}}],\"inLanguage\":\"fr-FR\"},{\"@type\":\"Person\",\"@id\":\"https:\/\/kick442.com\/#\/schema\/person\/b5d0b55ff7537d66370a9d14463ba26a\",\"name\":\"Lesley Ngwa\",\"image\":{\"@type\":\"ImageObject\",\"inLanguage\":\"fr-FR\",\"@id\":\"https:\/\/kick442.com\/#\/schema\/person\/image\/\",\"url\":\"https:\/\/secure.gravatar.com\/avatar\/46900d211239d03aac45f8e4e8105f9572bc760c372ca55ab90036c3a1a3323f?s=96&d=mm&r=g\",\"contentUrl\":\"https:\/\/secure.gravatar.com\/avatar\/46900d211239d03aac45f8e4e8105f9572bc760c372ca55ab90036c3a1a3323f?s=96&d=mm&r=g\",\"caption\":\"Lesley Ngwa\"},\"description\":\"Sports Writer; CAF Media Officer &amp; Content Creator ,FIFA World Cup 2022 PMA,CEO http:\/\/kick4442.com I AFCON x3, WC X2 l akonlesna@yahoo.com \/675583463 for work\",\"sameAs\":[\"https:\/\/www.kick442.com\/\",\"Angu Lesley Akonwi\",\"https:\/\/x.com\/angulesley442\"],\"url\":\"https:\/\/kick442.com\/fr\/author\/alesley44\/\"}]}<\/script>\n<!-- \/ Yoast SEO plugin. -->","yoast_head_json":{"title":"Algeria's FA president announce employment of VAR - KICK442 Sport News","robots":{"index":"index","follow":"follow","max-snippet":"max-snippet:-1","max-image-preview":"max-image-preview:large","max-video-preview":"max-video-preview:-1"},"canonical":"https:\/\/kick442.com\/fr\/algerias-fa-president-announce-employment-of-var\/","og_locale":"fr_FR","og_type":"article","og_title":"Algeria's FA president announce employment of VAR - KICK442 Sport News","og_description":"President Walid Sadi of the Algerian Football Federation (FAF) has announced its executive committee&#8217;s&hellip;","og_url":"https:\/\/kick442.com\/fr\/algerias-fa-president-announce-employment-of-var\/","og_site_name":"KICK442 Sport News","article_author":"Angu Lesley Akonwi","article_published_time":"2024-02-24T04:14:09+00:00","og_image":[{"width":720,"height":514,"url":"https:\/\/kick442.com\/wp-content\/uploads\/2024\/02\/CgAGVmUgLDWAM692AATw_WVWQGU784.jpg","type":"image\/jpeg"}],"author":"Lesley Ngwa","twitter_card":"summary_large_image","twitter_creator":"@angulesley442","twitter_misc":{"\u00c9crit par":"Lesley Ngwa","Dur\u00e9e de lecture estim\u00e9e":"1 minute"},"schema":{"@context":"https:\/\/schema.org","@graph":[{"@type":"WebPage","@id":"https:\/\/kick442.com\/algerias-fa-president-announce-employment-of-var\/","url":"https:\/\/kick442.com\/algerias-fa-president-announce-employment-of-var\/","name":"Algeria's FA president announce employment of VAR - KICK442 Sport News","isPartOf":{"@id":"https:\/\/kick442.com\/#website"},"primaryImageOfPage":{"@id":"https:\/\/kick442.com\/algerias-fa-president-announce-employment-of-var\/#primaryimage"},"image":{"@id":"https:\/\/kick442.com\/algerias-fa-president-announce-employment-of-var\/#primaryimage"},"thumbnailUrl":"https:\/\/kick442.com\/wp-content\/uploads\/2024\/02\/CgAGVmUgLDWAM692AATw_WVWQGU784.jpg","datePublished":"2024-02-24T04:14:09+00:00","author":{"@id":"https:\/\/kick442.com\/#\/schema\/person\/b5d0b55ff7537d66370a9d14463ba26a"},"breadcrumb":{"@id":"https:\/\/kick442.com\/algerias-fa-president-announce-employment-of-var\/#breadcrumb"},"inLanguage":"fr-FR","potentialAction":[{"@type":"ReadAction","target":["https:\/\/kick442.com\/algerias-fa-president-announce-employment-of-var\/"]}]},{"@type":"ImageObject","inLanguage":"fr-FR","@id":"https:\/\/kick442.com\/algerias-fa-president-announce-employment-of-var\/#primaryimage","url":"https:\/\/kick442.com\/wp-content\/uploads\/2024\/02\/CgAGVmUgLDWAM692AATw_WVWQGU784.jpg","contentUrl":"https:\/\/kick442.com\/wp-content\/uploads\/2024\/02\/CgAGVmUgLDWAM692AATw_WVWQGU784.jpg","width":720,"height":514},{"@type":"BreadcrumbList","@id":"https:\/\/kick442.com\/algerias-fa-president-announce-employment-of-var\/#breadcrumb","itemListElement":[{"@type":"ListItem","position":1,"name":"Home","item":"https:\/\/kick442.com\/"},{"@type":"ListItem","position":2,"name":"Algeria&#8217;s FA president announce employment of VAR"}]},{"@type":"WebSite","@id":"https:\/\/kick442.com\/#website","url":"https:\/\/kick442.com\/","name":"KICK442 Sport News","description":"Best Sport News","potentialAction":[{"@type":"SearchAction","target":{"@type":"EntryPoint","urlTemplate":"https:\/\/kick442.com\/?s={search_term_string}"},"query-input":{"@type":"PropertyValueSpecification","valueRequired":true,"valueName":"search_term_string"}}],"inLanguage":"fr-FR"},{"@type":"Person","@id":"https:\/\/kick442.com\/#\/schema\/person\/b5d0b55ff7537d66370a9d14463ba26a","name":"Lesley Ngwa","image":{"@type":"ImageObject","inLanguage":"fr-FR","@id":"https:\/\/kick442.com\/#\/schema\/person\/image\/","url":"https:\/\/secure.gravatar.com\/avatar\/46900d211239d03aac45f8e4e8105f9572bc760c372ca55ab90036c3a1a3323f?s=96&d=mm&r=g","contentUrl":"https:\/\/secure.gravatar.com\/avatar\/46900d211239d03aac45f8e4e8105f9572bc760c372ca55ab90036c3a1a3323f?s=96&d=mm&r=g","caption":"Lesley Ngwa"},"description":"Sports Writer; CAF Media Officer &amp; Content Creator ,FIFA World Cup 2022 PMA,CEO http:\/\/kick4442.com I AFCON x3, WC X2 l akonlesna@yahoo.com \/675583463 for work","sameAs":["https:\/\/www.kick442.com\/","Angu Lesley Akonwi","https:\/\/x.com\/angulesley442"],"url":"https:\/\/kick442.com\/fr\/author\/alesley44\/"}]}},"_links":{"self":[{"href":"https:\/\/kick442.com\/fr\/wp-json\/wp\/v2\/posts\/15549","targetHints":{"allow":["GET"]}}],"collection":[{"href":"https:\/\/kick442.com\/fr\/wp-json\/wp\/v2\/posts"}],"about":[{"href":"https:\/\/kick442.com\/fr\/wp-json\/wp\/v2\/types\/post"}],"author":[{"embeddable":true,"href":"https:\/\/kick442.com\/fr\/wp-json\/wp\/v2\/users\/2"}],"replies":[{"embeddable":true,"href":"https:\/\/kick442.com\/fr\/wp-json\/wp\/v2\/comments?post=15549"}],"version-history":[{"count":1,"href":"https:\/\/kick442.com\/fr\/wp-json\/wp\/v2\/posts\/15549\/revisions"}],"predecessor-version":[{"id":15551,"href":"https:\/\/kick442.com\/fr\/wp-json\/wp\/v2\/posts\/15549\/revisions\/15551"}],"wp:featuredmedia":[{"embeddable":true,"href":"https:\/\/kick442.com\/fr\/wp-json\/wp\/v2\/media\/15550"}],"wp:attachment":[{"href":"https:\/\/kick442.com\/fr\/wp-json\/wp\/v2\/media?parent=15549"}],"wp:term":[{"taxonomy":"category","embeddable":true,"href":"https:\/\/kick442.com\/fr\/wp-json\/wp\/v2\/categories?post=15549"},{"taxonomy":"post_tag","embeddable":true,"href":"https:\/\/kick442.com\/fr\/wp-json\/wp\/v2\/tags?post=15549"}],"curies":[{"name":"wp","href":"https:\/\/api.w.org\/{rel}","templated":true}]}}