{"id":14053,"date":"2023-12-27T11:15:35","date_gmt":"2023-12-27T11:15:35","guid":{"rendered":"https:\/\/kick442.com\/?p=14053"},"modified":"2023-12-27T11:15:35","modified_gmt":"2023-12-27T11:15:35","slug":"fai-collins-joins-fc-radnicki-nis-in-serbia","status":"publish","type":"post","link":"https:\/\/kick442.com\/fr\/fai-collins-joins-fc-radnicki-nis-in-serbia\/","title":{"rendered":"Fai Collins joins FC Radnicki NIS in Serbia"},"content":{"rendered":"<ul>\n<li><em><strong>Cameroon&#8217;s right back Fai Collins has engaged with Serbian side FC Radnicki NIS, after four months as a free agent<\/strong><\/em><\/li>\n<li><em><strong>Fai has been without a club, since he parted ways with his former employers Al Tai in Saudi Arabia back in July<\/strong><\/em><\/li>\n<li><em><strong>The 30-years-old, who is part of Rigobert Song&#8217;s preselected list, stands a chance of featuring in his fourth AFCON following this development<\/strong><\/em><\/li>\n<\/ul>\n<p><strong>Cameroon international Fai Collins Ngoran has penned down a deal with Serbian top flight FC Radnicki NIS.<\/strong><\/p>\n<p>The 30-years<strong>&#8211;<\/strong>old was unveiled by the club on Tuesday, December 26, 2023, as their first reinforcement in the winter transfer window<\/p>\n<p>\u201cCameroon National team player in Radnicki,Collins Fai is the first reinforcement of the club in the Winter transfer deadline\u2026<\/p>\n<p>Standard Cameroonian A team player Collins Fai is a Radnicki player as from today,&#8221; the club announced on its Instagram page.<\/p>\n<p>Fai Collins is from Saudi Arabia&#8217;s top flight Al Tai where he stayed for one season before parting ways back in July.<\/p>\n<p>With over 56 caps for Cameroon&#8217;s national team, officials of this Serbian club believe Fai will be a notable addition, who will help champion the club&#8217;s ambitions this season.<\/p>\n<p>\u201cCollins Fai is the first of several club reinforcements in the winter transitional period announced by the club leadership and the new sports director, Bratislav Ristic. It is expected that the skeleton of the future team, will be completed by the beginning of preparations so that the team will be ready to continue the Serbian championship&#8221; The club concluded.<\/p>\n<p>FC Radnicki NIS is placed 15 on the classification table of the Serbian pro league. The team has only won one of its last five games, registering one draw, suffering three defeats. They are 30 points away from top place FK Partizan.<\/p>\n<p>The experience the ex union of Douala defender possess will be needed in taking the club higher up the ranks.<\/p>\n<p>Dependable Fai , as he is regarded by many fans, has been a free agent for over five months now, with his inactivity being the cause of his omission in Rigobert Song&#8217;s list for the world cup qualifiers back in November<\/p>\n<p>His new signing may be his one-way ticket back into the den, seeing that his position is still in need of a suitable replacement.<\/p>\n<hr \/>\n<p>&nbsp;<\/p>","protected":false},"excerpt":{"rendered":"<p>Cameroon&#8217;s right back Fai Collins has engaged with Serbian side FC Radnicki NIS, after&hellip;<\/p>","protected":false},"author":2,"featured_media":14055,"comment_status":"open","ping_status":"open","sticky":false,"template":"","format":"standard","meta":{"_monsterinsights_skip_tracking":false,"_monsterinsights_sitenote_active":false,"_monsterinsights_sitenote_note":"","_monsterinsights_sitenote_category":0,"footnotes":""},"categories":[140,39,38],"tags":[],"class_list":["post-14053","post","type-post","status-publish","format-standard","has-post-thumbnail","hentry","category-afcon","category-african-football","category-lions"],"yoast_head":"<!-- This site is optimized with the Yoast SEO plugin v26.1.1 - https:\/\/yoast.com\/wordpress\/plugins\/seo\/ -->\n<title>Fai Collins joins FC Radnicki NIS in Serbia - KICK442 Sport News<\/title>\n<meta name=\"robots\" content=\"index, follow, max-snippet:-1, max-image-preview:large, max-video-preview:-1\" \/>\n<link rel=\"canonical\" href=\"https:\/\/kick442.com\/fr\/fai-collins-joins-fc-radnicki-nis-in-serbia\/\" \/>\n<meta property=\"og:locale\" content=\"fr_FR\" \/>\n<meta property=\"og:type\" content=\"article\" \/>\n<meta property=\"og:title\" content=\"Fai Collins joins FC Radnicki NIS in Serbia - KICK442 Sport News\" \/>\n<meta property=\"og:description\" content=\"Cameroon&#8217;s right back Fai Collins has engaged with Serbian side FC Radnicki NIS, after&hellip;\" \/>\n<meta property=\"og:url\" content=\"https:\/\/kick442.com\/fr\/fai-collins-joins-fc-radnicki-nis-in-serbia\/\" \/>\n<meta property=\"og:site_name\" content=\"KICK442 Sport News\" \/>\n<meta property=\"article:author\" content=\"Angu Lesley Akonwi\" \/>\n<meta property=\"article:published_time\" content=\"2023-12-27T11:15:35+00:00\" \/>\n<meta property=\"og:image\" content=\"https:\/\/kick442.com\/wp-content\/uploads\/2023\/12\/20231227_121454.jpg\" \/>\n\t<meta property=\"og:image:width\" content=\"1080\" \/>\n\t<meta property=\"og:image:height\" content=\"802\" \/>\n\t<meta property=\"og:image:type\" content=\"image\/jpeg\" \/>\n<meta name=\"author\" content=\"Lesley Ngwa\" \/>\n<meta name=\"twitter:card\" content=\"summary_large_image\" \/>\n<meta name=\"twitter:creator\" content=\"@angulesley442\" \/>\n<meta name=\"twitter:label1\" content=\"\u00c9crit par\" \/>\n\t<meta name=\"twitter:data1\" content=\"Lesley Ngwa\" \/>\n\t<meta name=\"twitter:label2\" content=\"Dur\u00e9e de lecture estim\u00e9e\" \/>\n\t<meta name=\"twitter:data2\" content=\"2 minutes\" \/>\n<script type=\"application\/ld+json\" class=\"yoast-schema-graph\">{\"@context\":\"https:\/\/schema.org\",\"@graph\":[{\"@type\":\"WebPage\",\"@id\":\"https:\/\/kick442.com\/fai-collins-joins-fc-radnicki-nis-in-serbia\/\",\"url\":\"https:\/\/kick442.com\/fai-collins-joins-fc-radnicki-nis-in-serbia\/\",\"name\":\"Fai Collins joins FC Radnicki NIS in Serbia - KICK442 Sport News\",\"isPartOf\":{\"@id\":\"https:\/\/kick442.com\/#website\"},\"primaryImageOfPage\":{\"@id\":\"https:\/\/kick442.com\/fai-collins-joins-fc-radnicki-nis-in-serbia\/#primaryimage\"},\"image\":{\"@id\":\"https:\/\/kick442.com\/fai-collins-joins-fc-radnicki-nis-in-serbia\/#primaryimage\"},\"thumbnailUrl\":\"https:\/\/kick442.com\/wp-content\/uploads\/2023\/12\/20231227_121454.jpg\",\"datePublished\":\"2023-12-27T11:15:35+00:00\",\"author\":{\"@id\":\"https:\/\/kick442.com\/#\/schema\/person\/b5d0b55ff7537d66370a9d14463ba26a\"},\"breadcrumb\":{\"@id\":\"https:\/\/kick442.com\/fai-collins-joins-fc-radnicki-nis-in-serbia\/#breadcrumb\"},\"inLanguage\":\"fr-FR\",\"potentialAction\":[{\"@type\":\"ReadAction\",\"target\":[\"https:\/\/kick442.com\/fai-collins-joins-fc-radnicki-nis-in-serbia\/\"]}]},{\"@type\":\"ImageObject\",\"inLanguage\":\"fr-FR\",\"@id\":\"https:\/\/kick442.com\/fai-collins-joins-fc-radnicki-nis-in-serbia\/#primaryimage\",\"url\":\"https:\/\/kick442.com\/wp-content\/uploads\/2023\/12\/20231227_121454.jpg\",\"contentUrl\":\"https:\/\/kick442.com\/wp-content\/uploads\/2023\/12\/20231227_121454.jpg\",\"width\":1080,\"height\":802},{\"@type\":\"BreadcrumbList\",\"@id\":\"https:\/\/kick442.com\/fai-collins-joins-fc-radnicki-nis-in-serbia\/#breadcrumb\",\"itemListElement\":[{\"@type\":\"ListItem\",\"position\":1,\"name\":\"Home\",\"item\":\"https:\/\/kick442.com\/\"},{\"@type\":\"ListItem\",\"position\":2,\"name\":\"Fai Collins joins FC Radnicki NIS in Serbia\"}]},{\"@type\":\"WebSite\",\"@id\":\"https:\/\/kick442.com\/#website\",\"url\":\"https:\/\/kick442.com\/\",\"name\":\"KICK442 Sport News\",\"description\":\"Best Sport News\",\"potentialAction\":[{\"@type\":\"SearchAction\",\"target\":{\"@type\":\"EntryPoint\",\"urlTemplate\":\"https:\/\/kick442.com\/?s={search_term_string}\"},\"query-input\":{\"@type\":\"PropertyValueSpecification\",\"valueRequired\":true,\"valueName\":\"search_term_string\"}}],\"inLanguage\":\"fr-FR\"},{\"@type\":\"Person\",\"@id\":\"https:\/\/kick442.com\/#\/schema\/person\/b5d0b55ff7537d66370a9d14463ba26a\",\"name\":\"Lesley Ngwa\",\"image\":{\"@type\":\"ImageObject\",\"inLanguage\":\"fr-FR\",\"@id\":\"https:\/\/kick442.com\/#\/schema\/person\/image\/\",\"url\":\"https:\/\/secure.gravatar.com\/avatar\/46900d211239d03aac45f8e4e8105f9572bc760c372ca55ab90036c3a1a3323f?s=96&d=mm&r=g\",\"contentUrl\":\"https:\/\/secure.gravatar.com\/avatar\/46900d211239d03aac45f8e4e8105f9572bc760c372ca55ab90036c3a1a3323f?s=96&d=mm&r=g\",\"caption\":\"Lesley Ngwa\"},\"description\":\"Sports Writer; CAF Media Officer &amp; Content Creator ,FIFA World Cup 2022 PMA,CEO http:\/\/kick4442.com I AFCON x3, WC X2 l akonlesna@yahoo.com \/675583463 for work\",\"sameAs\":[\"https:\/\/www.kick442.com\/\",\"Angu Lesley Akonwi\",\"https:\/\/x.com\/angulesley442\"],\"url\":\"https:\/\/kick442.com\/fr\/author\/alesley44\/\"}]}<\/script>\n<!-- \/ Yoast SEO plugin. -->","yoast_head_json":{"title":"Fai Collins joins FC Radnicki NIS in Serbia - KICK442 Sport News","robots":{"index":"index","follow":"follow","max-snippet":"max-snippet:-1","max-image-preview":"max-image-preview:large","max-video-preview":"max-video-preview:-1"},"canonical":"https:\/\/kick442.com\/fr\/fai-collins-joins-fc-radnicki-nis-in-serbia\/","og_locale":"fr_FR","og_type":"article","og_title":"Fai Collins joins FC Radnicki NIS in Serbia - KICK442 Sport News","og_description":"Cameroon&#8217;s right back Fai Collins has engaged with Serbian side FC Radnicki NIS, after&hellip;","og_url":"https:\/\/kick442.com\/fr\/fai-collins-joins-fc-radnicki-nis-in-serbia\/","og_site_name":"KICK442 Sport News","article_author":"Angu Lesley Akonwi","article_published_time":"2023-12-27T11:15:35+00:00","og_image":[{"width":1080,"height":802,"url":"https:\/\/kick442.com\/wp-content\/uploads\/2023\/12\/20231227_121454.jpg","type":"image\/jpeg"}],"author":"Lesley Ngwa","twitter_card":"summary_large_image","twitter_creator":"@angulesley442","twitter_misc":{"\u00c9crit par":"Lesley Ngwa","Dur\u00e9e de lecture estim\u00e9e":"2 minutes"},"schema":{"@context":"https:\/\/schema.org","@graph":[{"@type":"WebPage","@id":"https:\/\/kick442.com\/fai-collins-joins-fc-radnicki-nis-in-serbia\/","url":"https:\/\/kick442.com\/fai-collins-joins-fc-radnicki-nis-in-serbia\/","name":"Fai Collins joins FC Radnicki NIS in Serbia - KICK442 Sport News","isPartOf":{"@id":"https:\/\/kick442.com\/#website"},"primaryImageOfPage":{"@id":"https:\/\/kick442.com\/fai-collins-joins-fc-radnicki-nis-in-serbia\/#primaryimage"},"image":{"@id":"https:\/\/kick442.com\/fai-collins-joins-fc-radnicki-nis-in-serbia\/#primaryimage"},"thumbnailUrl":"https:\/\/kick442.com\/wp-content\/uploads\/2023\/12\/20231227_121454.jpg","datePublished":"2023-12-27T11:15:35+00:00","author":{"@id":"https:\/\/kick442.com\/#\/schema\/person\/b5d0b55ff7537d66370a9d14463ba26a"},"breadcrumb":{"@id":"https:\/\/kick442.com\/fai-collins-joins-fc-radnicki-nis-in-serbia\/#breadcrumb"},"inLanguage":"fr-FR","potentialAction":[{"@type":"ReadAction","target":["https:\/\/kick442.com\/fai-collins-joins-fc-radnicki-nis-in-serbia\/"]}]},{"@type":"ImageObject","inLanguage":"fr-FR","@id":"https:\/\/kick442.com\/fai-collins-joins-fc-radnicki-nis-in-serbia\/#primaryimage","url":"https:\/\/kick442.com\/wp-content\/uploads\/2023\/12\/20231227_121454.jpg","contentUrl":"https:\/\/kick442.com\/wp-content\/uploads\/2023\/12\/20231227_121454.jpg","width":1080,"height":802},{"@type":"BreadcrumbList","@id":"https:\/\/kick442.com\/fai-collins-joins-fc-radnicki-nis-in-serbia\/#breadcrumb","itemListElement":[{"@type":"ListItem","position":1,"name":"Home","item":"https:\/\/kick442.com\/"},{"@type":"ListItem","position":2,"name":"Fai Collins joins FC Radnicki NIS in Serbia"}]},{"@type":"WebSite","@id":"https:\/\/kick442.com\/#website","url":"https:\/\/kick442.com\/","name":"KICK442 Sport News","description":"Best Sport News","potentialAction":[{"@type":"SearchAction","target":{"@type":"EntryPoint","urlTemplate":"https:\/\/kick442.com\/?s={search_term_string}"},"query-input":{"@type":"PropertyValueSpecification","valueRequired":true,"valueName":"search_term_string"}}],"inLanguage":"fr-FR"},{"@type":"Person","@id":"https:\/\/kick442.com\/#\/schema\/person\/b5d0b55ff7537d66370a9d14463ba26a","name":"Lesley Ngwa","image":{"@type":"ImageObject","inLanguage":"fr-FR","@id":"https:\/\/kick442.com\/#\/schema\/person\/image\/","url":"https:\/\/secure.gravatar.com\/avatar\/46900d211239d03aac45f8e4e8105f9572bc760c372ca55ab90036c3a1a3323f?s=96&d=mm&r=g","contentUrl":"https:\/\/secure.gravatar.com\/avatar\/46900d211239d03aac45f8e4e8105f9572bc760c372ca55ab90036c3a1a3323f?s=96&d=mm&r=g","caption":"Lesley Ngwa"},"description":"Sports Writer; CAF Media Officer &amp; Content Creator ,FIFA World Cup 2022 PMA,CEO http:\/\/kick4442.com I AFCON x3, WC X2 l akonlesna@yahoo.com \/675583463 for work","sameAs":["https:\/\/www.kick442.com\/","Angu Lesley Akonwi","https:\/\/x.com\/angulesley442"],"url":"https:\/\/kick442.com\/fr\/author\/alesley44\/"}]}},"_links":{"self":[{"href":"https:\/\/kick442.com\/fr\/wp-json\/wp\/v2\/posts\/14053","targetHints":{"allow":["GET"]}}],"collection":[{"href":"https:\/\/kick442.com\/fr\/wp-json\/wp\/v2\/posts"}],"about":[{"href":"https:\/\/kick442.com\/fr\/wp-json\/wp\/v2\/types\/post"}],"author":[{"embeddable":true,"href":"https:\/\/kick442.com\/fr\/wp-json\/wp\/v2\/users\/2"}],"replies":[{"embeddable":true,"href":"https:\/\/kick442.com\/fr\/wp-json\/wp\/v2\/comments?post=14053"}],"version-history":[{"count":1,"href":"https:\/\/kick442.com\/fr\/wp-json\/wp\/v2\/posts\/14053\/revisions"}],"predecessor-version":[{"id":14056,"href":"https:\/\/kick442.com\/fr\/wp-json\/wp\/v2\/posts\/14053\/revisions\/14056"}],"wp:featuredmedia":[{"embeddable":true,"href":"https:\/\/kick442.com\/fr\/wp-json\/wp\/v2\/media\/14055"}],"wp:attachment":[{"href":"https:\/\/kick442.com\/fr\/wp-json\/wp\/v2\/media?parent=14053"}],"wp:term":[{"taxonomy":"category","embeddable":true,"href":"https:\/\/kick442.com\/fr\/wp-json\/wp\/v2\/categories?post=14053"},{"taxonomy":"post_tag","embeddable":true,"href":"https:\/\/kick442.com\/fr\/wp-json\/wp\/v2\/tags?post=14053"}],"curies":[{"name":"wp","href":"https:\/\/api.w.org\/{rel}","templated":true}]}}